{"id":7878,"date":"2020-08-30T14:34:29","date_gmt":"2020-08-30T20:34:29","guid":{"rendered":"http:\/\/elmetidosve.com\/?p=7878"},"modified":"2020-08-30T14:34:37","modified_gmt":"2020-08-30T20:34:37","slug":"ministerio-de-salud-realiza-pruebas-de-covid-19-a-personas-en-la-libertad","status":"publish","type":"post","link":"https:\/\/elmetidosv.com\/?p=7878","title":{"rendered":"Ministerio de Salud realiza pruebas de COVID-19 a personas en La Libertad"},"content":{"rendered":"\n<figure class=\"wp-block-gallery columns-3 is-cropped wp-block-gallery-1 is-layout-flex wp-block-gallery-is-layout-flex\"><ul class=\"blocks-gallery-grid\"><li class=\"blocks-gallery-item\"><figure><img loading=\"lazy\" decoding=\"async\" width=\"680\" height=\"393\" src=\"http:\/\/elmetidosve.com\/wp-content\/uploads\/2020\/08\/0-22.jpg\" alt=\"\" data-id=\"7879\" data-link=\"http:\/\/elmetidosve.com\/?attachment_id=7879\" class=\"wp-image-7879\" srcset=\"https:\/\/elmetidosv.com\/wp-content\/uploads\/2020\/08\/0-22.jpg 680w, https:\/\/elmetidosv.com\/wp-content\/uploads\/2020\/08\/0-22-300x173.jpg 300w\" sizes=\"auto, (max-width: 680px) 100vw, 680px\" \/><\/figure><\/li><li class=\"blocks-gallery-item\"><figure><img loading=\"lazy\" decoding=\"async\" width=\"360\" height=\"240\" src=\"http:\/\/elmetidosve.com\/wp-content\/uploads\/2020\/08\/0000-35.jpg\" alt=\"\" data-id=\"7880\" data-full-url=\"http:\/\/elmetidosve.com\/wp-content\/uploads\/2020\/08\/0000-35.jpg\" data-link=\"http:\/\/elmetidosve.com\/?attachment_id=7880\" class=\"wp-image-7880\" srcset=\"https:\/\/elmetidosv.com\/wp-content\/uploads\/2020\/08\/0000-35.jpg 360w, https:\/\/elmetidosv.com\/wp-content\/uploads\/2020\/08\/0000-35-300x200.jpg 300w\" sizes=\"auto, (max-width: 360px) 100vw, 360px\" \/><\/figure><\/li><li class=\"blocks-gallery-item\"><figure><img loading=\"lazy\" decoding=\"async\" width=\"680\" height=\"510\" src=\"http:\/\/elmetidosve.com\/wp-content\/uploads\/2020\/08\/000-41.jpg\" alt=\"\" data-id=\"7881\" data-full-url=\"http:\/\/elmetidosve.com\/wp-content\/uploads\/2020\/08\/000-41.jpg\" data-link=\"http:\/\/elmetidosve.com\/?attachment_id=7881\" class=\"wp-image-7881\" srcset=\"https:\/\/elmetidosv.com\/wp-content\/uploads\/2020\/08\/000-41.jpg 680w, https:\/\/elmetidosv.com\/wp-content\/uploads\/2020\/08\/000-41-300x225.jpg 300w\" sizes=\"auto, (max-width: 680px) 100vw, 680px\" \/><\/figure><\/li><\/ul><\/figure>\n\n\n\n<p>La Secretar\u00eda Prensa de la Presidencia inform\u00f3 este domingo que se realizaron pruebas de PCR (Reacci\u00f3n en Cadena de la Polimerasa) en el Puerto de La Libertad, con el objetivo de detectar posibles casos de COVID-19.<\/p>\n\n\n\n<p>Seg\u00fan las autoridades del Ministerio de Salud se realizaron 300 pruebas m\u00e9dicas a la poblaci\u00f3n, los cuales debieron llegar portando correctamente la mascarilla, cumplir con el distanciamiento social y otras medidas de protecci\u00f3n, mientras esperaban su turno.<\/p>\n\n\n\n<p>Las tres cabinas m\u00f3viles fueron instaladas en el casco urbano del municipio, explicaron fuentes de la Secretar\u00eda de Prensa de la Presidencia.<\/p>\n\n\n\n<p>Seg\u00fan el Ministerio de Salud se han realizado 312,849 pruebas de Reacci\u00f3n en Cadena de la Polimerasa, desde que el Gobierno del presidente, Nayib Bukele, combate la pandemia<\/p>\n\n\n\n<p>Seg\u00fan la \u00faltima actualizaci\u00f3n del ministerio de Salud, el departamento de La Libertad se contabilizan 3,229 casos y en este municipio la cifra de contagiados es de 108.<\/p>\n","protected":false},"excerpt":{"rendered":"<p>La Secretar\u00eda Prensa de la Presidencia inform\u00f3 este domingo que se realizaron pruebas de PCR (Reacci\u00f3n en Cadena de la<\/p>\n","protected":false},"author":2,"featured_media":7880,"comment_status":"open","ping_status":"open","sticky":false,"template":"","format":"standard","meta":{"colormag_page_container_layout":"default_layout","colormag_page_sidebar_layout":"default_layout","footnotes":""},"categories":[1],"tags":[],"class_list":["post-7878","post","type-post","status-publish","format-standard","has-post-thumbnail","hentry","category-nacional"],"_links":{"self":[{"href":"https:\/\/elmetidosv.com\/index.php?rest_route=\/wp\/v2\/posts\/7878","targetHints":{"allow":["GET"]}}],"collection":[{"href":"https:\/\/elmetidosv.com\/index.php?rest_route=\/wp\/v2\/posts"}],"about":[{"href":"https:\/\/elmetidosv.com\/index.php?rest_route=\/wp\/v2\/types\/post"}],"author":[{"embeddable":true,"href":"https:\/\/elmetidosv.com\/index.php?rest_route=\/wp\/v2\/users\/2"}],"replies":[{"embeddable":true,"href":"https:\/\/elmetidosv.com\/index.php?rest_route=%2Fwp%2Fv2%2Fcomments&post=7878"}],"version-history":[{"count":1,"href":"https:\/\/elmetidosv.com\/index.php?rest_route=\/wp\/v2\/posts\/7878\/revisions"}],"predecessor-version":[{"id":7882,"href":"https:\/\/elmetidosv.com\/index.php?rest_route=\/wp\/v2\/posts\/7878\/revisions\/7882"}],"wp:featuredmedia":[{"embeddable":true,"href":"https:\/\/elmetidosv.com\/index.php?rest_route=\/wp\/v2\/media\/7880"}],"wp:attachment":[{"href":"https:\/\/elmetidosv.com\/index.php?rest_route=%2Fwp%2Fv2%2Fmedia&parent=7878"}],"wp:term":[{"taxonomy":"category","embeddable":true,"href":"https:\/\/elmetidosv.com\/index.php?rest_route=%2Fwp%2Fv2%2Fcategories&post=7878"},{"taxonomy":"post_tag","embeddable":true,"href":"https:\/\/elmetidosv.com\/index.php?rest_route=%2Fwp%2Fv2%2Ftags&post=7878"}],"curies":[{"name":"wp","href":"https:\/\/api.w.org\/{rel}","templated":true}]}}