{"id":7819,"date":"2020-08-28T14:08:14","date_gmt":"2020-08-28T20:08:14","guid":{"rendered":"http:\/\/elmetidosve.com\/?p=7819"},"modified":"2020-08-28T14:08:22","modified_gmt":"2020-08-28T20:08:22","slug":"fuerte-accidente-en-la-capital-esta-manana","status":"publish","type":"post","link":"https:\/\/elmetidosv.com\/?p=7819","title":{"rendered":"Fuerte accidente en la Capital esta ma\u00f1ana"},"content":{"rendered":"\n<figure class=\"wp-block-gallery columns-2 is-cropped wp-block-gallery-1 is-layout-flex wp-block-gallery-is-layout-flex\"><ul class=\"blocks-gallery-grid\"><li class=\"blocks-gallery-item\"><figure><img loading=\"lazy\" decoding=\"async\" width=\"1024\" height=\"768\" src=\"http:\/\/elmetidosve.com\/wp-content\/uploads\/2020\/08\/000-36-1024x768.jpg\" alt=\"\" data-id=\"7820\" data-full-url=\"http:\/\/elmetidosve.com\/wp-content\/uploads\/2020\/08\/000-36.jpg\" data-link=\"http:\/\/elmetidosve.com\/?attachment_id=7820\" class=\"wp-image-7820\" srcset=\"https:\/\/elmetidosv.com\/wp-content\/uploads\/2020\/08\/000-36-1024x768.jpg 1024w, https:\/\/elmetidosv.com\/wp-content\/uploads\/2020\/08\/000-36-300x225.jpg 300w, https:\/\/elmetidosv.com\/wp-content\/uploads\/2020\/08\/000-36-768x576.jpg 768w, https:\/\/elmetidosv.com\/wp-content\/uploads\/2020\/08\/000-36.jpg 1280w\" sizes=\"auto, (max-width: 1024px) 100vw, 1024px\" \/><\/figure><\/li><li class=\"blocks-gallery-item\"><figure><img loading=\"lazy\" decoding=\"async\" width=\"1024\" height=\"768\" src=\"http:\/\/elmetidosve.com\/wp-content\/uploads\/2020\/08\/00-31-1024x768.jpg\" alt=\"\" data-id=\"7821\" data-full-url=\"http:\/\/elmetidosve.com\/wp-content\/uploads\/2020\/08\/00-31.jpg\" data-link=\"http:\/\/elmetidosve.com\/?attachment_id=7821\" class=\"wp-image-7821\" srcset=\"https:\/\/elmetidosv.com\/wp-content\/uploads\/2020\/08\/00-31-1024x768.jpg 1024w, https:\/\/elmetidosv.com\/wp-content\/uploads\/2020\/08\/00-31-300x225.jpg 300w, https:\/\/elmetidosv.com\/wp-content\/uploads\/2020\/08\/00-31-768x576.jpg 768w, https:\/\/elmetidosv.com\/wp-content\/uploads\/2020\/08\/00-31.jpg 1280w\" sizes=\"auto, (max-width: 1024px) 100vw, 1024px\" \/><\/figure><\/li><\/ul><\/figure>\n\n\n\n<p>Un nuevo percance vial ocurri\u00f3 la ma\u00f1ana de este viernes entre la alameda Juan Pablo II y la avenida Monse\u00f1or Romero en San Salvador seg\u00fan reportes de ciudadanos.<\/p>\n\n\n\n<p>En el accidente, se vieron involucrados el conductor de un veh\u00edculo particular tipo sed\u00e1n y un motociclista el cual se llev\u00f3 la peor parte. Seg\u00fan se conoci\u00f3, el hecho ocurri\u00f3 por el irrespeto a la se\u00f1al del sem\u00e1foro.<\/p>\n\n\n\n<p>Personal y param\u00e9dicos de Comandos de Salvamento acudieron al lugar y atendieron al lesionado; sin embargo, debido a lo delicado de sus lesiones tuvo que ser trasladado de emergencia al Hospital Rosales.<\/p>\n\n\n\n<p>Mientras tanto, agentes de la divisi\u00f3n de Transito de la Polic\u00eda Nacional Civil (PNC) acudieron para verificar las causas del accidente y deducir responsabilidades.<\/p>\n\n\n\n<p>Al cierre de esta nota se conoci\u00f3 que el lesionado fue identificado como Jos\u00e9 Antonio \u00c1lvares 58 a\u00f1os.<\/p>\n","protected":false},"excerpt":{"rendered":"<p>Un nuevo percance vial ocurri\u00f3 la ma\u00f1ana de este viernes entre la alameda Juan Pablo II y la avenida Monse\u00f1or<\/p>\n","protected":false},"author":2,"featured_media":7820,"comment_status":"open","ping_status":"open","sticky":false,"template":"","format":"standard","meta":{"colormag_page_container_layout":"default_layout","colormag_page_sidebar_layout":"default_layout","footnotes":""},"categories":[1],"tags":[],"class_list":["post-7819","post","type-post","status-publish","format-standard","has-post-thumbnail","hentry","category-nacional"],"_links":{"self":[{"href":"https:\/\/elmetidosv.com\/index.php?rest_route=\/wp\/v2\/posts\/7819","targetHints":{"allow":["GET"]}}],"collection":[{"href":"https:\/\/elmetidosv.com\/index.php?rest_route=\/wp\/v2\/posts"}],"about":[{"href":"https:\/\/elmetidosv.com\/index.php?rest_route=\/wp\/v2\/types\/post"}],"author":[{"embeddable":true,"href":"https:\/\/elmetidosv.com\/index.php?rest_route=\/wp\/v2\/users\/2"}],"replies":[{"embeddable":true,"href":"https:\/\/elmetidosv.com\/index.php?rest_route=%2Fwp%2Fv2%2Fcomments&post=7819"}],"version-history":[{"count":1,"href":"https:\/\/elmetidosv.com\/index.php?rest_route=\/wp\/v2\/posts\/7819\/revisions"}],"predecessor-version":[{"id":7822,"href":"https:\/\/elmetidosv.com\/index.php?rest_route=\/wp\/v2\/posts\/7819\/revisions\/7822"}],"wp:featuredmedia":[{"embeddable":true,"href":"https:\/\/elmetidosv.com\/index.php?rest_route=\/wp\/v2\/media\/7820"}],"wp:attachment":[{"href":"https:\/\/elmetidosv.com\/index.php?rest_route=%2Fwp%2Fv2%2Fmedia&parent=7819"}],"wp:term":[{"taxonomy":"category","embeddable":true,"href":"https:\/\/elmetidosv.com\/index.php?rest_route=%2Fwp%2Fv2%2Fcategories&post=7819"},{"taxonomy":"post_tag","embeddable":true,"href":"https:\/\/elmetidosv.com\/index.php?rest_route=%2Fwp%2Fv2%2Ftags&post=7819"}],"curies":[{"name":"wp","href":"https:\/\/api.w.org\/{rel}","templated":true}]}}