{"id":7540,"date":"2020-08-19T16:05:06","date_gmt":"2020-08-19T22:05:06","guid":{"rendered":"http:\/\/elmetidosve.com\/?p=7540"},"modified":"2020-08-19T16:05:14","modified_gmt":"2020-08-19T22:05:14","slug":"ministerio-de-educacion-mantiene-suspension-de-clases-presenciales-hasta-el-31-de-diciembre","status":"publish","type":"post","link":"https:\/\/elmetidosv.com\/?p=7540","title":{"rendered":"Ministerio de Educaci\u00f3n mantiene suspensi\u00f3n de clases presenciales hasta el 31 de diciembre"},"content":{"rendered":"\n<p>La Ministra de Educaci\u00f3n, Carla Hanan\u00eda de Varela, inform\u00f3 este mi\u00e9rcoles que las clases presenciales se mantienen suspendidas hasta el 31 de diciembre, para evitar posibles contagios de COVID-19 en los estudiantes del sector p\u00fablico y privado.<\/p>\n\n\n\n<p>Seg\u00fan de Varela, esta medida tambi\u00e9n incluye a la Universidad de El Salvador y a las universidades privadas, con el objetivo de proteger a la poblaci\u00f3n estudiantil de esta enfermedad.<\/p>\n\n\n\n<p>\u201cComo Gobierno del Presidente de la Rep\u00fablica, Nayib Bukele, hemos escuchado el clamor de los padres de familia. Ellos nos han pedido que no pongamos en riesgo la vida de sus hijos, por eso decidimos mantener la suspensi\u00f3n de las clases presenciales, a nivel nacional, hasta el 31 de diciembre\u201d, afirm\u00f3 la titular de Educaci\u00f3n.<\/p>\n\n\n\n<p>Agreg\u00f3 la funcionaria, que tomaron esta decisi\u00f3n en coordinaci\u00f3n con el Ministerio de Salud aplique en todos los centros educativos con calendario nacional como internacional.<\/p>\n\n\n\n<p>Tambi\u00e9n la funcionaria detall\u00f3 en la conferencia de prensa de otras que medidas que se impulsaran en los pr\u00f3ximo d\u00edas con los profesores y sector administrativo de las escuelas p\u00fablicas.<\/p>\n\n\n\n<p>\u201cLos centros escolares seguir\u00e1n cerrados y solo se autorizar\u00e1 el ingreso a sus instalaciones a maestros y personal administrativo que deba desempe\u00f1ar actividades que no puedan hacerse de forma remota\u201d, asegur\u00f3 la Ministra de Educaci\u00f3n.<\/p>\n\n\n\n<p>En el caso del sector privado, la titular de esta cartera de Estado exhort\u00f3 a los profesores de esta \u00e1rea que garantice la continuidad educativa de sus alumnos y que solo asista a las instalaciones cuando sea necesario.<\/p>\n","protected":false},"excerpt":{"rendered":"<p>La Ministra de Educaci\u00f3n, Carla Hanan\u00eda de Varela, inform\u00f3 este mi\u00e9rcoles que las clases presenciales se mantienen suspendidas hasta el<\/p>\n","protected":false},"author":1,"featured_media":7541,"comment_status":"open","ping_status":"open","sticky":false,"template":"","format":"standard","meta":{"colormag_page_container_layout":"default_layout","colormag_page_sidebar_layout":"default_layout","footnotes":""},"categories":[1],"tags":[],"class_list":["post-7540","post","type-post","status-publish","format-standard","has-post-thumbnail","hentry","category-nacional"],"_links":{"self":[{"href":"https:\/\/elmetidosv.com\/index.php?rest_route=\/wp\/v2\/posts\/7540","targetHints":{"allow":["GET"]}}],"collection":[{"href":"https:\/\/elmetidosv.com\/index.php?rest_route=\/wp\/v2\/posts"}],"about":[{"href":"https:\/\/elmetidosv.com\/index.php?rest_route=\/wp\/v2\/types\/post"}],"author":[{"embeddable":true,"href":"https:\/\/elmetidosv.com\/index.php?rest_route=\/wp\/v2\/users\/1"}],"replies":[{"embeddable":true,"href":"https:\/\/elmetidosv.com\/index.php?rest_route=%2Fwp%2Fv2%2Fcomments&post=7540"}],"version-history":[{"count":1,"href":"https:\/\/elmetidosv.com\/index.php?rest_route=\/wp\/v2\/posts\/7540\/revisions"}],"predecessor-version":[{"id":7542,"href":"https:\/\/elmetidosv.com\/index.php?rest_route=\/wp\/v2\/posts\/7540\/revisions\/7542"}],"wp:featuredmedia":[{"embeddable":true,"href":"https:\/\/elmetidosv.com\/index.php?rest_route=\/wp\/v2\/media\/7541"}],"wp:attachment":[{"href":"https:\/\/elmetidosv.com\/index.php?rest_route=%2Fwp%2Fv2%2Fmedia&parent=7540"}],"wp:term":[{"taxonomy":"category","embeddable":true,"href":"https:\/\/elmetidosv.com\/index.php?rest_route=%2Fwp%2Fv2%2Fcategories&post=7540"},{"taxonomy":"post_tag","embeddable":true,"href":"https:\/\/elmetidosv.com\/index.php?rest_route=%2Fwp%2Fv2%2Ftags&post=7540"}],"curies":[{"name":"wp","href":"https:\/\/api.w.org\/{rel}","templated":true}]}}