{"id":7537,"date":"2020-08-19T16:00:18","date_gmt":"2020-08-19T22:00:18","guid":{"rendered":"http:\/\/elmetidosve.com\/?p=7537"},"modified":"2020-08-19T16:00:25","modified_gmt":"2020-08-19T22:00:25","slug":"este-miercoles-sismo-en-zona-costera-de-la-paz","status":"publish","type":"post","link":"https:\/\/elmetidosv.com\/?p=7537","title":{"rendered":"Este mi\u00e9rcoles sismo en zona costera de La Paz"},"content":{"rendered":"\n<figure class=\"wp-block-image is-resized\"><img loading=\"lazy\" decoding=\"async\" src=\"https:\/\/elblog.com\/inicio\/wp-content\/uploads\/2020\/07\/SISMO-LA-PAZ.jpg\" alt=\"\" width=\"570\" height=\"253\"\/><\/figure>\n\n\n\n<p>Autoridades del Ministerio de Medio Ambiente y Recursos Naturales (MARN) informan este mi\u00e9rcoles, sobre un sismo sentido  en el territorio salvadore\u00f1o.<\/p>\n\n\n\n<p>De acuerdo con el reporte de elementos del MARN, el movimiento tel\u00farico tuvo una magnitud de 3.8 grados en la escala de Richter, frente a las costa de La Paz  y a 19 kil\u00f3metros al suroeste de la Playa Las Hojas.<\/p>\n\n\n\n<p>Adem\u00e1s, el sismo fue percibido por los salvadore\u00f1os a las 9:08 de la ma\u00f1ana de este d\u00eda minuto y por el  por el momento las autoridades no reportan da\u00f1os.  <\/p>\n","protected":false},"excerpt":{"rendered":"<p>Autoridades del Ministerio de Medio Ambiente y Recursos Naturales (MARN) informan este mi\u00e9rcoles, sobre un sismo sentido en el territorio<\/p>\n","protected":false},"author":1,"featured_media":7465,"comment_status":"open","ping_status":"open","sticky":false,"template":"","format":"standard","meta":{"colormag_page_container_layout":"default_layout","colormag_page_sidebar_layout":"default_layout","footnotes":""},"categories":[1],"tags":[],"class_list":["post-7537","post","type-post","status-publish","format-standard","has-post-thumbnail","hentry","category-nacional"],"_links":{"self":[{"href":"https:\/\/elmetidosv.com\/index.php?rest_route=\/wp\/v2\/posts\/7537","targetHints":{"allow":["GET"]}}],"collection":[{"href":"https:\/\/elmetidosv.com\/index.php?rest_route=\/wp\/v2\/posts"}],"about":[{"href":"https:\/\/elmetidosv.com\/index.php?rest_route=\/wp\/v2\/types\/post"}],"author":[{"embeddable":true,"href":"https:\/\/elmetidosv.com\/index.php?rest_route=\/wp\/v2\/users\/1"}],"replies":[{"embeddable":true,"href":"https:\/\/elmetidosv.com\/index.php?rest_route=%2Fwp%2Fv2%2Fcomments&post=7537"}],"version-history":[{"count":1,"href":"https:\/\/elmetidosv.com\/index.php?rest_route=\/wp\/v2\/posts\/7537\/revisions"}],"predecessor-version":[{"id":7538,"href":"https:\/\/elmetidosv.com\/index.php?rest_route=\/wp\/v2\/posts\/7537\/revisions\/7538"}],"wp:featuredmedia":[{"embeddable":true,"href":"https:\/\/elmetidosv.com\/index.php?rest_route=\/wp\/v2\/media\/7465"}],"wp:attachment":[{"href":"https:\/\/elmetidosv.com\/index.php?rest_route=%2Fwp%2Fv2%2Fmedia&parent=7537"}],"wp:term":[{"taxonomy":"category","embeddable":true,"href":"https:\/\/elmetidosv.com\/index.php?rest_route=%2Fwp%2Fv2%2Fcategories&post=7537"},{"taxonomy":"post_tag","embeddable":true,"href":"https:\/\/elmetidosv.com\/index.php?rest_route=%2Fwp%2Fv2%2Ftags&post=7537"}],"curies":[{"name":"wp","href":"https:\/\/api.w.org\/{rel}","templated":true}]}}