{"id":7352,"date":"2020-08-13T14:06:59","date_gmt":"2020-08-13T20:06:59","guid":{"rendered":"http:\/\/elmetidosve.com\/?p=7352"},"modified":"2020-08-13T14:07:06","modified_gmt":"2020-08-13T20:07:06","slug":"partido-gana-dice-que-han-encontrado-una-barrera-negativa-en-arena","status":"publish","type":"post","link":"https:\/\/elmetidosv.com\/?p=7352","title":{"rendered":"Partido GANA dice que han encontrado una BARRERA NEGATIVA en ARENA."},"content":{"rendered":"\n<figure class=\"wp-block-image size-large\"><img loading=\"lazy\" decoding=\"async\" width=\"1024\" height=\"768\" src=\"http:\/\/elmetidosve.com\/wp-content\/uploads\/2020\/08\/0-3-1024x768.jpg\" alt=\"\" class=\"wp-image-7353\" srcset=\"https:\/\/elmetidosv.com\/wp-content\/uploads\/2020\/08\/0-3-1024x768.jpg 1024w, https:\/\/elmetidosv.com\/wp-content\/uploads\/2020\/08\/0-3-300x225.jpg 300w, https:\/\/elmetidosv.com\/wp-content\/uploads\/2020\/08\/0-3-768x576.jpg 768w, https:\/\/elmetidosv.com\/wp-content\/uploads\/2020\/08\/0-3-1536x1152.jpg 1536w, https:\/\/elmetidosv.com\/wp-content\/uploads\/2020\/08\/0-3.jpg 2048w\" sizes=\"auto, (max-width: 1024px) 100vw, 1024px\" \/><\/figure>\n\n\n\n<p> .@GANAOFICIAL dice que \u00abse han encontrado una barrera negativa de ARENA porque quieren un decreto parcial\u00bb, afirm\u00f3 su jefe de bancada @GVasquezSV_.<\/p>\n\n\n\n<p>Seg\u00fan el legislador celeste, las autoridades del Ministerio de Hacienda, Ministerio de Salud de El Salvador  y Ministerio de Agricultura y Ganader\u00eda de El Salvador subsanaron las dudas que la Comisi\u00f3n de Hacienda. <\/p>\n\n\n\n<p><br>\u00abNosotros como pa\u00eds estamos listos. Estamos satisfechos con las explicaciones de los Ministros\u00bb.<\/p>\n\n\n\n<figure class=\"wp-block-image size-large\"><img loading=\"lazy\" decoding=\"async\" width=\"1024\" height=\"515\" src=\"http:\/\/elmetidosve.com\/wp-content\/uploads\/2020\/08\/00-4-1024x515.jpg\" alt=\"\" class=\"wp-image-7354\" srcset=\"https:\/\/elmetidosv.com\/wp-content\/uploads\/2020\/08\/00-4-1024x515.jpg 1024w, https:\/\/elmetidosv.com\/wp-content\/uploads\/2020\/08\/00-4-300x151.jpg 300w, https:\/\/elmetidosv.com\/wp-content\/uploads\/2020\/08\/00-4-768x386.jpg 768w, https:\/\/elmetidosv.com\/wp-content\/uploads\/2020\/08\/00-4-1536x773.jpg 1536w, https:\/\/elmetidosv.com\/wp-content\/uploads\/2020\/08\/00-4.jpg 2048w\" sizes=\"auto, (max-width: 1024px) 100vw, 1024px\" \/><\/figure>\n\n\n\n<p>\u00abA estas alturas, todav\u00eda los Diputados de Fracci\u00f3n Legislativa ARENA dicen que no est\u00e1 claro. El pa\u00eds no puede enfrentar un problema interno que tiene el partido ARENA y los salvadore\u00f1os no pueden pagar las consecuencias de eso\u00bb, dice @GVasquezSV_, se\u00f1alando divisi\u00f3n interna en el tricolor. <\/p>\n","protected":false},"excerpt":{"rendered":"<p>.@GANAOFICIAL dice que \u00abse han encontrado una barrera negativa de ARENA porque quieren un decreto parcial\u00bb, afirm\u00f3 su jefe de<\/p>\n","protected":false},"author":1,"featured_media":7353,"comment_status":"open","ping_status":"open","sticky":false,"template":"","format":"standard","meta":{"colormag_page_container_layout":"default_layout","colormag_page_sidebar_layout":"default_layout","footnotes":""},"categories":[1],"tags":[],"class_list":["post-7352","post","type-post","status-publish","format-standard","has-post-thumbnail","hentry","category-nacional"],"_links":{"self":[{"href":"https:\/\/elmetidosv.com\/index.php?rest_route=\/wp\/v2\/posts\/7352","targetHints":{"allow":["GET"]}}],"collection":[{"href":"https:\/\/elmetidosv.com\/index.php?rest_route=\/wp\/v2\/posts"}],"about":[{"href":"https:\/\/elmetidosv.com\/index.php?rest_route=\/wp\/v2\/types\/post"}],"author":[{"embeddable":true,"href":"https:\/\/elmetidosv.com\/index.php?rest_route=\/wp\/v2\/users\/1"}],"replies":[{"embeddable":true,"href":"https:\/\/elmetidosv.com\/index.php?rest_route=%2Fwp%2Fv2%2Fcomments&post=7352"}],"version-history":[{"count":1,"href":"https:\/\/elmetidosv.com\/index.php?rest_route=\/wp\/v2\/posts\/7352\/revisions"}],"predecessor-version":[{"id":7355,"href":"https:\/\/elmetidosv.com\/index.php?rest_route=\/wp\/v2\/posts\/7352\/revisions\/7355"}],"wp:featuredmedia":[{"embeddable":true,"href":"https:\/\/elmetidosv.com\/index.php?rest_route=\/wp\/v2\/media\/7353"}],"wp:attachment":[{"href":"https:\/\/elmetidosv.com\/index.php?rest_route=%2Fwp%2Fv2%2Fmedia&parent=7352"}],"wp:term":[{"taxonomy":"category","embeddable":true,"href":"https:\/\/elmetidosv.com\/index.php?rest_route=%2Fwp%2Fv2%2Fcategories&post=7352"},{"taxonomy":"post_tag","embeddable":true,"href":"https:\/\/elmetidosv.com\/index.php?rest_route=%2Fwp%2Fv2%2Ftags&post=7352"}],"curies":[{"name":"wp","href":"https:\/\/api.w.org\/{rel}","templated":true}]}}