{"id":722,"date":"2020-03-13T19:13:52","date_gmt":"2020-03-14T01:13:52","guid":{"rendered":"http:\/\/elmetidosve.com\/?p=722"},"modified":"2020-03-13T19:13:59","modified_gmt":"2020-03-14T01:13:59","slug":"quedan-suspendidas-las-funciones-de-cine-en-el-territorio-salvadoreno","status":"publish","type":"post","link":"https:\/\/elmetidosv.com\/?p=722","title":{"rendered":"Quedan suspendidas las funciones de cine en el territorio salvadore\u00f1o"},"content":{"rendered":"\n<figure class=\"wp-block-image\"><img decoding=\"async\" src=\"https:\/\/pbs.twimg.com\/media\/ETBf7j7XgAM_ZVY?format=jpg&amp;name=large\" alt=\"Imagen\"\/><\/figure>\n\n\n\n<p>Las autoridades del Gobierno informaron esta tarde de viernes que quedan suspendidas las funciones de cine en el territorio salvadore\u00f1o. Esto como medida de prevenci\u00f3n por la pandemia del nuevo coronavirus.<\/p>\n\n\n\n<p>El Ministerio de Gobernaci\u00f3n difundi\u00f3 un aviso en sus redes sociales sobre la medida implementada \u201ca partir de este d\u00eda\u201d, la cual se apega a la declaratoria de alerta roja, emitida por la Direcci\u00f3n General de Protecci\u00f3n Civil.<\/p>\n\n\n\n<p>Tal decisi\u00f3n fue tomada por la Direcci\u00f3n de Espect\u00e1culos P\u00fablicos, Radio y Televisi\u00f3n, la cual verificar\u00e1 el cumplimiento de la medida en los diferentes establecimientos del pa\u00eds.<\/p>\n\n\n\n<p>\u201cQuedan suspendidas las funciones cinematogr\u00e1ficas hasta nuevo aviso\u201d, detalla el escrito hecho p\u00fablico.<\/p>\n\n\n\n<p>Las autoridades hicieron una invitaci\u00f3n \u201ca la poblaci\u00f3n a cumplir con las medidas de prevenci\u00f3n adoptadas por el Gobierno, con el fin de garantizar la salud de la ciudadan\u00eda\u201d<\/p>\n","protected":false},"excerpt":{"rendered":"<p>Las autoridades del Gobierno informaron esta tarde de viernes que quedan suspendidas las funciones de cine en el territorio salvadore\u00f1o.<\/p>\n","protected":false},"author":1,"featured_media":723,"comment_status":"open","ping_status":"open","sticky":false,"template":"","format":"standard","meta":{"colormag_page_container_layout":"default_layout","colormag_page_sidebar_layout":"default_layout","footnotes":""},"categories":[1],"tags":[],"class_list":["post-722","post","type-post","status-publish","format-standard","has-post-thumbnail","hentry","category-nacional"],"_links":{"self":[{"href":"https:\/\/elmetidosv.com\/index.php?rest_route=\/wp\/v2\/posts\/722","targetHints":{"allow":["GET"]}}],"collection":[{"href":"https:\/\/elmetidosv.com\/index.php?rest_route=\/wp\/v2\/posts"}],"about":[{"href":"https:\/\/elmetidosv.com\/index.php?rest_route=\/wp\/v2\/types\/post"}],"author":[{"embeddable":true,"href":"https:\/\/elmetidosv.com\/index.php?rest_route=\/wp\/v2\/users\/1"}],"replies":[{"embeddable":true,"href":"https:\/\/elmetidosv.com\/index.php?rest_route=%2Fwp%2Fv2%2Fcomments&post=722"}],"version-history":[{"count":1,"href":"https:\/\/elmetidosv.com\/index.php?rest_route=\/wp\/v2\/posts\/722\/revisions"}],"predecessor-version":[{"id":724,"href":"https:\/\/elmetidosv.com\/index.php?rest_route=\/wp\/v2\/posts\/722\/revisions\/724"}],"wp:featuredmedia":[{"embeddable":true,"href":"https:\/\/elmetidosv.com\/index.php?rest_route=\/wp\/v2\/media\/723"}],"wp:attachment":[{"href":"https:\/\/elmetidosv.com\/index.php?rest_route=%2Fwp%2Fv2%2Fmedia&parent=722"}],"wp:term":[{"taxonomy":"category","embeddable":true,"href":"https:\/\/elmetidosv.com\/index.php?rest_route=%2Fwp%2Fv2%2Fcategories&post=722"},{"taxonomy":"post_tag","embeddable":true,"href":"https:\/\/elmetidosv.com\/index.php?rest_route=%2Fwp%2Fv2%2Ftags&post=722"}],"curies":[{"name":"wp","href":"https:\/\/api.w.org\/{rel}","templated":true}]}}