{"id":7170,"date":"2020-08-07T16:28:24","date_gmt":"2020-08-07T22:28:24","guid":{"rendered":"http:\/\/elmetidosve.com\/?p=7170"},"modified":"2020-08-07T16:28:31","modified_gmt":"2020-08-07T22:28:31","slug":"rusia-ultima-las-preparaciones-para-registrar-la-primera-vacuna-contra-el-coronavirus","status":"publish","type":"post","link":"https:\/\/elmetidosv.com\/?p=7170","title":{"rendered":"Rusia ultima las preparaciones para registrar la primera vacuna contra el coronavirus"},"content":{"rendered":"\n<p>El viceministro de Salud de Rusia, Oleg Gr\u00eddnev, ha asegurado este viernes que la vacuna rusa contra el nuevo coronavirus desarrollada por el Centro Nacional de Investigaci\u00f3n de Epidemiolog\u00eda y Microbiolog\u00eda Gamaleya entrar\u00e1 en el registro oficial, dando a entender que esto podr\u00eda suceder ya la pr\u00f3xima semana al responder afirmativamente a la pregunta de la agencia Interfax de si iban a registrarla el 12 de agosto, aunque no ha anunciado oficialmente la fecha exacta.<\/p>\n\n\n\n<p>\u201cAhora empezar\u00e1 la \u00faltima etapa de las pruebas, es sumamente importante, debemos entender que la vacuna debe ser, ante todo, segura\u201d, afirm\u00f3 Gr\u00eddnev, agregando que en estos momentos los esfuerzos de los especialistas rusos se centran en preparar la vacuna para su fabricaci\u00f3n masiva.<\/p>\n\n\n\n<p>Durante el acto de inauguraci\u00f3n de una unidad quir\u00fargica en un centro oncol\u00f3gico de Uf\u00e1, el funcionario indic\u00f3 que los primeros en recibir la inyecci\u00f3n ser\u00e1n los trabajadores de salud y las personas de mayor edad, los sectores de la poblaci\u00f3n m\u00e1s vulnerables.<\/p>\n\n\n\n<p>Gr\u00eddnev no precis\u00f3 cu\u00e1nto tiempo se cree que durar\u00e1 la inmunidad despu\u00e9s de la inyecci\u00f3n, pero se\u00f1al\u00f3 que el efecto de la vacunaci\u00f3n se ver\u00e1 \u201ccuando se forme la llamada inmunidad de reba\u00f1o y cuando la transmisi\u00f3n del virus sea pr\u00e1cticamente imposible\u201d. Este plazo depender\u00e1 de la cantidad de vacunados y de lo generalizada que sea la administraci\u00f3n del f\u00e1rmaco, a\u00f1adi\u00f3.<\/p>\n\n\n\n<p>La vacuna, creada de forma artificial sin ning\u00fan elemento del coronavirus en su composici\u00f3n, est\u00e1 en forma liofilizada y representa un polvo para preparar una disoluci\u00f3n administrada por v\u00eda intravenosa. El director del centro Gamaleya, Alex\u00e1nder Gu\u00edntsburg, ha enfatizado este viernes que la vacunaci\u00f3n no puede provocar covid-19.<\/p>\n\n\n\n<p>En los ensayos cl\u00ednicos de la vacuna, que ten\u00edan como objetivo evaluar su seguridad y los efectos en el organismo, participaron un total de 38 voluntarios de entre 18 y 60 a\u00f1os. Los m\u00e9dicos dieron la investigaci\u00f3n por exitosa y concluyeron que la vacuna es segura y al final del proceso \u201ctodos los voluntarios ten\u00edan inmunidad\u201d.<\/p>\n\n\n\n<p>Yelena Smoliarchuk, directora del Centro de investigaci\u00f3n cl\u00ednica sobre medicamentos de la Universidad S\u00e9chenov, afirm\u00f3 que la protecci\u00f3n m\u00e1xima se forma tres semanas despu\u00e9s de la inyecci\u00f3n, cuando se desencadena la respuesta del sistema inmunol\u00f3gico.<\/p>\n\n\n\n<p>Los cient\u00edficos rusos no precisaron qu\u00e9 cantidad de anticuerpos fue detectada en los voluntarios, ni tampoco detallaron qu\u00e9 concentraci\u00f3n es la que garantiza esa inmunidad que destacaron tras los primeros ensayos cl\u00ednicos.<br>\nDeterminar la eficacia de una vacuna puede conllevar a\u00f1os. A d\u00eda de hoy, la comunidad cient\u00edfica no sabe con exactitud qu\u00e9 concentraci\u00f3n de anticuerpos es necesaria para hablar de inmunidad al covid-19 o, al menos, de una lucha eficaz del organismo contra el virus.<br>\nAdem\u00e1s, los cient\u00edficos han determinado recientemente que la concentraci\u00f3n de los anticuerpos del covid-19 disminuye r\u00e1pido con el tiempo, y no se sabe si este hecho puede influir en la resistencia del organismo y, por lo tanto, la eficacia de una vacuna, aunque en el caso del brote del SARS en los a\u00f1os 2000 los anticuerpos en los recuperados estaban presentes durante un per\u00edodo relativamente largo.<\/p>\n","protected":false},"excerpt":{"rendered":"<p>El viceministro de Salud de Rusia, Oleg Gr\u00eddnev, ha asegurado este viernes que la vacuna rusa contra el nuevo coronavirus<\/p>\n","protected":false},"author":1,"featured_media":7171,"comment_status":"open","ping_status":"open","sticky":false,"template":"","format":"standard","meta":{"colormag_page_container_layout":"default_layout","colormag_page_sidebar_layout":"default_layout","footnotes":""},"categories":[3],"tags":[],"class_list":["post-7170","post","type-post","status-publish","format-standard","has-post-thumbnail","hentry","category-internacional"],"_links":{"self":[{"href":"https:\/\/elmetidosv.com\/index.php?rest_route=\/wp\/v2\/posts\/7170","targetHints":{"allow":["GET"]}}],"collection":[{"href":"https:\/\/elmetidosv.com\/index.php?rest_route=\/wp\/v2\/posts"}],"about":[{"href":"https:\/\/elmetidosv.com\/index.php?rest_route=\/wp\/v2\/types\/post"}],"author":[{"embeddable":true,"href":"https:\/\/elmetidosv.com\/index.php?rest_route=\/wp\/v2\/users\/1"}],"replies":[{"embeddable":true,"href":"https:\/\/elmetidosv.com\/index.php?rest_route=%2Fwp%2Fv2%2Fcomments&post=7170"}],"version-history":[{"count":1,"href":"https:\/\/elmetidosv.com\/index.php?rest_route=\/wp\/v2\/posts\/7170\/revisions"}],"predecessor-version":[{"id":7172,"href":"https:\/\/elmetidosv.com\/index.php?rest_route=\/wp\/v2\/posts\/7170\/revisions\/7172"}],"wp:featuredmedia":[{"embeddable":true,"href":"https:\/\/elmetidosv.com\/index.php?rest_route=\/wp\/v2\/media\/7171"}],"wp:attachment":[{"href":"https:\/\/elmetidosv.com\/index.php?rest_route=%2Fwp%2Fv2%2Fmedia&parent=7170"}],"wp:term":[{"taxonomy":"category","embeddable":true,"href":"https:\/\/elmetidosv.com\/index.php?rest_route=%2Fwp%2Fv2%2Fcategories&post=7170"},{"taxonomy":"post_tag","embeddable":true,"href":"https:\/\/elmetidosv.com\/index.php?rest_route=%2Fwp%2Fv2%2Ftags&post=7170"}],"curies":[{"name":"wp","href":"https:\/\/api.w.org\/{rel}","templated":true}]}}