{"id":7167,"date":"2020-08-06T17:03:14","date_gmt":"2020-08-06T23:03:14","guid":{"rendered":"http:\/\/elmetidosve.com\/?p=7167"},"modified":"2020-08-06T17:03:21","modified_gmt":"2020-08-06T23:03:21","slug":"una-joven-de-28-anos-recibio-el-alta-medica-este-jueves-en-el-hospital-nacional-de-la-mujer-de-san-salvador","status":"publish","type":"post","link":"https:\/\/elmetidosv.com\/?p=7167","title":{"rendered":"Una joven de 28 a\u00f1os recibi\u00f3 el alta m\u00e9dica este jueves en el Hospital Nacional de la Mujer de San Salvador"},"content":{"rendered":"\n<p> Una joven de 28 a\u00f1os recibi\u00f3 el alta m\u00e9dica este jueves en el Hospital Nacional de la Mujer de San Salvador , tras recuperarse del COVID-19, inform\u00f3 el Ministerio de Salud.<\/p>\n\n\n\n<p>La mujer recibi\u00f3 el protocolo de salud y este mismo d\u00eda regreso a su hogar para cumplir con la otra parte del tratamiento para su recuperaci\u00f3n completa,explicaron las autoridades de Salud.<\/p>\n\n\n\n<p>M\u00e1s temprano, ocho nuevos pacientes fueron dados de alta, luego de recibir todos los protocolos adecuados  y haber vencido el COVID-19 en el Hospital Nacional San Rafael de Santa Tecla.<\/p>\n\n\n\n<p>Se trata de cuatro mujeres y cuatro hombres cuyas edades se encuentran en el rango de 36 a 79 a\u00f1os, y a todas estas personas se les aplic\u00f3 el protocolo  de COVID-19 autorizado por el Ministerio de Salud para atender pacientes positivos a dicha enfermedad.<\/p>\n\n\n\n<p>Ayer mi\u00e9rcoles se reportaron 125 personas recuperadas , las cuales se encontraban en la Unidad de Cuidados Intensivos (UCI) y fueron atendidos por el personal m\u00e9dico p\u00fablico.<\/p>\n","protected":false},"excerpt":{"rendered":"<p>Una joven de 28 a\u00f1os recibi\u00f3 el alta m\u00e9dica este jueves en el Hospital Nacional de la Mujer de San<\/p>\n","protected":false},"author":1,"featured_media":7168,"comment_status":"open","ping_status":"open","sticky":false,"template":"","format":"standard","meta":{"colormag_page_container_layout":"default_layout","colormag_page_sidebar_layout":"default_layout","footnotes":""},"categories":[1],"tags":[],"class_list":["post-7167","post","type-post","status-publish","format-standard","has-post-thumbnail","hentry","category-nacional"],"_links":{"self":[{"href":"https:\/\/elmetidosv.com\/index.php?rest_route=\/wp\/v2\/posts\/7167","targetHints":{"allow":["GET"]}}],"collection":[{"href":"https:\/\/elmetidosv.com\/index.php?rest_route=\/wp\/v2\/posts"}],"about":[{"href":"https:\/\/elmetidosv.com\/index.php?rest_route=\/wp\/v2\/types\/post"}],"author":[{"embeddable":true,"href":"https:\/\/elmetidosv.com\/index.php?rest_route=\/wp\/v2\/users\/1"}],"replies":[{"embeddable":true,"href":"https:\/\/elmetidosv.com\/index.php?rest_route=%2Fwp%2Fv2%2Fcomments&post=7167"}],"version-history":[{"count":1,"href":"https:\/\/elmetidosv.com\/index.php?rest_route=\/wp\/v2\/posts\/7167\/revisions"}],"predecessor-version":[{"id":7169,"href":"https:\/\/elmetidosv.com\/index.php?rest_route=\/wp\/v2\/posts\/7167\/revisions\/7169"}],"wp:featuredmedia":[{"embeddable":true,"href":"https:\/\/elmetidosv.com\/index.php?rest_route=\/wp\/v2\/media\/7168"}],"wp:attachment":[{"href":"https:\/\/elmetidosv.com\/index.php?rest_route=%2Fwp%2Fv2%2Fmedia&parent=7167"}],"wp:term":[{"taxonomy":"category","embeddable":true,"href":"https:\/\/elmetidosv.com\/index.php?rest_route=%2Fwp%2Fv2%2Fcategories&post=7167"},{"taxonomy":"post_tag","embeddable":true,"href":"https:\/\/elmetidosv.com\/index.php?rest_route=%2Fwp%2Fv2%2Ftags&post=7167"}],"curies":[{"name":"wp","href":"https:\/\/api.w.org\/{rel}","templated":true}]}}