{"id":7095,"date":"2020-08-04T16:15:00","date_gmt":"2020-08-04T22:15:00","guid":{"rendered":"http:\/\/elmetidosve.com\/?p=7095"},"modified":"2020-08-04T16:15:09","modified_gmt":"2020-08-04T22:15:09","slug":"un-fatal-accidente-de-transito-se-registro-esta-tarde-en-el-kilometro-14-del-bulevar-monsenor-oscar-romero","status":"publish","type":"post","link":"https:\/\/elmetidosv.com\/?p=7095","title":{"rendered":"Un fatal accidente de tr\u00e1nsito se registr\u00f3 esta tarde en el kil\u00f3metro 14 del bulevar Monse\u00f1or \u00d3scar Romero"},"content":{"rendered":"\n<figure class=\"wp-block-gallery columns-2 is-cropped wp-block-gallery-1 is-layout-flex wp-block-gallery-is-layout-flex\"><ul class=\"blocks-gallery-grid\"><li class=\"blocks-gallery-item\"><figure><img loading=\"lazy\" decoding=\"async\" width=\"860\" height=\"414\" src=\"http:\/\/elmetidosve.com\/wp-content\/uploads\/2020\/08\/000000000000000000-17.jpg\" alt=\"\" data-id=\"7096\" data-link=\"http:\/\/elmetidosve.com\/?attachment_id=7096\" class=\"wp-image-7096\" srcset=\"https:\/\/elmetidosv.com\/wp-content\/uploads\/2020\/08\/000000000000000000-17.jpg 860w, https:\/\/elmetidosv.com\/wp-content\/uploads\/2020\/08\/000000000000000000-17-300x144.jpg 300w, https:\/\/elmetidosv.com\/wp-content\/uploads\/2020\/08\/000000000000000000-17-768x370.jpg 768w\" sizes=\"auto, (max-width: 860px) 100vw, 860px\" \/><\/figure><\/li><li class=\"blocks-gallery-item\"><figure><img loading=\"lazy\" decoding=\"async\" width=\"839\" height=\"399\" src=\"http:\/\/elmetidosve.com\/wp-content\/uploads\/2020\/08\/000000000000000-9.jpg\" alt=\"\" data-id=\"7097\" data-full-url=\"http:\/\/elmetidosve.com\/wp-content\/uploads\/2020\/08\/000000000000000-9.jpg\" data-link=\"http:\/\/elmetidosve.com\/?attachment_id=7097\" class=\"wp-image-7097\" srcset=\"https:\/\/elmetidosv.com\/wp-content\/uploads\/2020\/08\/000000000000000-9.jpg 839w, https:\/\/elmetidosv.com\/wp-content\/uploads\/2020\/08\/000000000000000-9-300x143.jpg 300w, https:\/\/elmetidosv.com\/wp-content\/uploads\/2020\/08\/000000000000000-9-768x365.jpg 768w\" sizes=\"auto, (max-width: 839px) 100vw, 839px\" \/><\/figure><\/li><\/ul><\/figure>\n\n\n\n<p>Un fatal accidente de tr\u00e1nsito se registr\u00f3 esta tarde de martes en el kil\u00f3metro 14 del bulevar Monse\u00f1or \u00d3scar Romero, sobre el sentido que de Santa Tecla conduce hacia San Salvador.<\/p>\n\n\n\n<p>Al lugar se han hecho presentes socorristas quienes acudieron a auxiliar a un hombre atropellado, sin embargo, este ya hab\u00eda perdido la vida.<\/p>\n\n\n\n<p>El cuerpo de la v\u00edctima fatal se encuentra en medio de la carretera lo que ha provocado el cierre parcial de la v\u00eda, por parte de elementos policiales, mientras se desarrollan las indagaciones y el reconocimiento de ley.<\/p>\n\n\n\n<p>De momento no se ha establecido si la v\u00edctima intentaba cruzar la calle o viajaba en una motocicleta. La Polic\u00eda establecer\u00e1 c\u00f3mo sucedieron los hechos.<\/p>\n\n\n\n<p>El fallecido ha sido identificado como Jorge Herbert Miranda, de 65 a\u00f1os. El veh\u00edculo que impact\u00f3 al hombre permanece en el lugar debido a que el conductor esper\u00f3 a las autoridades competentes.<\/p>\n\n\n\n<p><\/p>\n","protected":false},"excerpt":{"rendered":"<p>Un fatal accidente de tr\u00e1nsito se registr\u00f3 esta tarde de martes en el kil\u00f3metro 14 del bulevar Monse\u00f1or \u00d3scar Romero,<\/p>\n","protected":false},"author":1,"featured_media":7096,"comment_status":"open","ping_status":"open","sticky":false,"template":"","format":"standard","meta":{"colormag_page_container_layout":"default_layout","colormag_page_sidebar_layout":"default_layout","footnotes":""},"categories":[1],"tags":[],"class_list":["post-7095","post","type-post","status-publish","format-standard","has-post-thumbnail","hentry","category-nacional"],"_links":{"self":[{"href":"https:\/\/elmetidosv.com\/index.php?rest_route=\/wp\/v2\/posts\/7095","targetHints":{"allow":["GET"]}}],"collection":[{"href":"https:\/\/elmetidosv.com\/index.php?rest_route=\/wp\/v2\/posts"}],"about":[{"href":"https:\/\/elmetidosv.com\/index.php?rest_route=\/wp\/v2\/types\/post"}],"author":[{"embeddable":true,"href":"https:\/\/elmetidosv.com\/index.php?rest_route=\/wp\/v2\/users\/1"}],"replies":[{"embeddable":true,"href":"https:\/\/elmetidosv.com\/index.php?rest_route=%2Fwp%2Fv2%2Fcomments&post=7095"}],"version-history":[{"count":1,"href":"https:\/\/elmetidosv.com\/index.php?rest_route=\/wp\/v2\/posts\/7095\/revisions"}],"predecessor-version":[{"id":7098,"href":"https:\/\/elmetidosv.com\/index.php?rest_route=\/wp\/v2\/posts\/7095\/revisions\/7098"}],"wp:featuredmedia":[{"embeddable":true,"href":"https:\/\/elmetidosv.com\/index.php?rest_route=\/wp\/v2\/media\/7096"}],"wp:attachment":[{"href":"https:\/\/elmetidosv.com\/index.php?rest_route=%2Fwp%2Fv2%2Fmedia&parent=7095"}],"wp:term":[{"taxonomy":"category","embeddable":true,"href":"https:\/\/elmetidosv.com\/index.php?rest_route=%2Fwp%2Fv2%2Fcategories&post=7095"},{"taxonomy":"post_tag","embeddable":true,"href":"https:\/\/elmetidosv.com\/index.php?rest_route=%2Fwp%2Fv2%2Ftags&post=7095"}],"curies":[{"name":"wp","href":"https:\/\/api.w.org\/{rel}","templated":true}]}}