{"id":6953,"date":"2020-08-01T14:34:24","date_gmt":"2020-08-01T20:34:24","guid":{"rendered":"http:\/\/elmetidosve.com\/?p=6953"},"modified":"2020-08-01T14:34:32","modified_gmt":"2020-08-01T20:34:32","slug":"el-arsenal-se-consagro-campeon-de-la-fa-cup-al-vencer-a-los-blues-por-2-1","status":"publish","type":"post","link":"https:\/\/elmetidosv.com\/?p=6953","title":{"rendered":"El Arsenal  se consagr\u00f3 campe\u00f3n de la FA Cup al vencer a los Blues por 2-1."},"content":{"rendered":"\n<p>El Arsenal se despert\u00f3 a tiempo, le dio vuelta el partido a Chelsea y se consagr\u00f3 campe\u00f3n de la FA Cup al vencer a los Blues por 2-1.<\/p>\n\n\n\n<p>Los primeros minutos de final de la FA CUP encontr\u00f3 al Chelsea despierto y al Arsenal dormido y a los 6 minutos lleg\u00f3 el primero para los \u201cblues\u201d a trav\u00e9s de Christian Pulisic, tras una gran jugada colectiva.<\/p>\n\n\n\n<p>Tras el paro para descansar y tomar agua, los Gunners se encendieron con dos jugadas de peligro y una tercera que termin\u00f3 en un penal sobre Pierre-Emerick Aubameyang, que el mismo pate\u00f3 y logr\u00f3 el empate.<\/p>\n\n\n\n<p>Aubameyang meti\u00f3 el segundo para su equipo y su doblete personal pic\u00e1ndosela a Willy Caballero, tras una jugada rara, que pareci\u00f3 de calidad por su definici\u00f3n.<\/p>\n","protected":false},"excerpt":{"rendered":"<p>El Arsenal se despert\u00f3 a tiempo, le dio vuelta el partido a Chelsea y se consagr\u00f3 campe\u00f3n de la FA<\/p>\n","protected":false},"author":1,"featured_media":6954,"comment_status":"open","ping_status":"open","sticky":false,"template":"","format":"standard","meta":{"colormag_page_container_layout":"default_layout","colormag_page_sidebar_layout":"default_layout","footnotes":""},"categories":[1],"tags":[],"class_list":["post-6953","post","type-post","status-publish","format-standard","has-post-thumbnail","hentry","category-nacional"],"_links":{"self":[{"href":"https:\/\/elmetidosv.com\/index.php?rest_route=\/wp\/v2\/posts\/6953","targetHints":{"allow":["GET"]}}],"collection":[{"href":"https:\/\/elmetidosv.com\/index.php?rest_route=\/wp\/v2\/posts"}],"about":[{"href":"https:\/\/elmetidosv.com\/index.php?rest_route=\/wp\/v2\/types\/post"}],"author":[{"embeddable":true,"href":"https:\/\/elmetidosv.com\/index.php?rest_route=\/wp\/v2\/users\/1"}],"replies":[{"embeddable":true,"href":"https:\/\/elmetidosv.com\/index.php?rest_route=%2Fwp%2Fv2%2Fcomments&post=6953"}],"version-history":[{"count":1,"href":"https:\/\/elmetidosv.com\/index.php?rest_route=\/wp\/v2\/posts\/6953\/revisions"}],"predecessor-version":[{"id":6955,"href":"https:\/\/elmetidosv.com\/index.php?rest_route=\/wp\/v2\/posts\/6953\/revisions\/6955"}],"wp:featuredmedia":[{"embeddable":true,"href":"https:\/\/elmetidosv.com\/index.php?rest_route=\/wp\/v2\/media\/6954"}],"wp:attachment":[{"href":"https:\/\/elmetidosv.com\/index.php?rest_route=%2Fwp%2Fv2%2Fmedia&parent=6953"}],"wp:term":[{"taxonomy":"category","embeddable":true,"href":"https:\/\/elmetidosv.com\/index.php?rest_route=%2Fwp%2Fv2%2Fcategories&post=6953"},{"taxonomy":"post_tag","embeddable":true,"href":"https:\/\/elmetidosv.com\/index.php?rest_route=%2Fwp%2Fv2%2Ftags&post=6953"}],"curies":[{"name":"wp","href":"https:\/\/api.w.org\/{rel}","templated":true}]}}