{"id":6915,"date":"2020-07-31T14:22:19","date_gmt":"2020-07-31T20:22:19","guid":{"rendered":"http:\/\/elmetidosve.com\/?p=6915"},"modified":"2020-07-31T14:22:28","modified_gmt":"2020-07-31T20:22:28","slug":"capturan-a-peligrosos-pandilleros-responsables-de-quitarle-la-vida-a-una-persona-en-quezaltepeque","status":"publish","type":"post","link":"https:\/\/elmetidosv.com\/?p=6915","title":{"rendered":"Capturan a peligrosos pandilleros responsables de quitarle la vida a una persona en Quezaltepeque"},"content":{"rendered":"\n<p>En el marco del Plan Control Territorial, agentes de la Polic\u00eda Nacional Civil (PNC) capturaron en las \u00faltimas horas a dos peligrosos miembros de estructuras criminales acusados de homicidio agravado.<\/p>\n\n\n\n<p>De acuerdo al reporte de la PNC, los pandilleros de la MS tienen participaci\u00f3n directa en un homicidio ocurrido el pasado mes de abril de este a\u00f1o.<\/p>\n\n\n\n<p>Los delincuentes fueron identificados como Fernando Javier Rivera V\u00e1squez, alias \u201cZarig\u00fceya\u201d y Jos\u00e9 Alberto Morales Cruz, \u201cEl Sauder\u201d, quienes acabaron con la vida de una persona en el cant\u00f3n San Juan Los Planes, en Quezaltepeque.<\/p>\n\n\n\n<p>La efectividad policial permiti\u00f3 la captura de estos sujeto que representaban un peligro para la poblaci\u00f3n salvadore\u00f1a.<\/p>\n\n\n\n<p>En otro tema similar, las autoridades informaron que El Salvador cerr\u00f3 otro d\u00eda m\u00e1s en su historia sin que se registrara un homicidio.<\/p>\n","protected":false},"excerpt":{"rendered":"<p>En el marco del Plan Control Territorial, agentes de la Polic\u00eda Nacional Civil (PNC) capturaron en las \u00faltimas horas a<\/p>\n","protected":false},"author":1,"featured_media":6916,"comment_status":"open","ping_status":"open","sticky":false,"template":"","format":"standard","meta":{"colormag_page_container_layout":"default_layout","colormag_page_sidebar_layout":"default_layout","footnotes":""},"categories":[1],"tags":[],"class_list":["post-6915","post","type-post","status-publish","format-standard","has-post-thumbnail","hentry","category-nacional"],"_links":{"self":[{"href":"https:\/\/elmetidosv.com\/index.php?rest_route=\/wp\/v2\/posts\/6915","targetHints":{"allow":["GET"]}}],"collection":[{"href":"https:\/\/elmetidosv.com\/index.php?rest_route=\/wp\/v2\/posts"}],"about":[{"href":"https:\/\/elmetidosv.com\/index.php?rest_route=\/wp\/v2\/types\/post"}],"author":[{"embeddable":true,"href":"https:\/\/elmetidosv.com\/index.php?rest_route=\/wp\/v2\/users\/1"}],"replies":[{"embeddable":true,"href":"https:\/\/elmetidosv.com\/index.php?rest_route=%2Fwp%2Fv2%2Fcomments&post=6915"}],"version-history":[{"count":1,"href":"https:\/\/elmetidosv.com\/index.php?rest_route=\/wp\/v2\/posts\/6915\/revisions"}],"predecessor-version":[{"id":6917,"href":"https:\/\/elmetidosv.com\/index.php?rest_route=\/wp\/v2\/posts\/6915\/revisions\/6917"}],"wp:featuredmedia":[{"embeddable":true,"href":"https:\/\/elmetidosv.com\/index.php?rest_route=\/wp\/v2\/media\/6916"}],"wp:attachment":[{"href":"https:\/\/elmetidosv.com\/index.php?rest_route=%2Fwp%2Fv2%2Fmedia&parent=6915"}],"wp:term":[{"taxonomy":"category","embeddable":true,"href":"https:\/\/elmetidosv.com\/index.php?rest_route=%2Fwp%2Fv2%2Fcategories&post=6915"},{"taxonomy":"post_tag","embeddable":true,"href":"https:\/\/elmetidosv.com\/index.php?rest_route=%2Fwp%2Fv2%2Ftags&post=6915"}],"curies":[{"name":"wp","href":"https:\/\/api.w.org\/{rel}","templated":true}]}}