{"id":6901,"date":"2020-07-31T13:42:31","date_gmt":"2020-07-31T19:42:31","guid":{"rendered":"http:\/\/elmetidosve.com\/?p=6901"},"modified":"2020-07-31T13:42:40","modified_gmt":"2020-07-31T19:42:40","slug":"capturan-a-personas-que-durante-meses-explotaron-sexualmente-a-una-nina-de-12-anos","status":"publish","type":"post","link":"https:\/\/elmetidosv.com\/?p=6901","title":{"rendered":"Capturan a personas que durante meses explotaron sexualmente a una ni\u00f1a de 12 a\u00f1os"},"content":{"rendered":"\n<p>La noche del jueves, dos personas que explotaban sexualmente a una ni\u00f1a de tan solo 12 a\u00f1os de edad fueron arrestadas, inform\u00f3 la Fiscal\u00eda General de la Rep\u00fablica (FGR).<\/p>\n\n\n\n<p>Se trata de Luisa Cruz Andrade y Luis Alonso L\u00f3pez, contra quienes la FGR gir\u00f3 \u00f3rdenes de capturas, mismas que se hicieron efectivas en las \u00faltimas horas.<\/p>\n\n\n\n<p>De acuerdo con la Fiscal\u00eda, durante meses, Andrade explot\u00f3 sexualmente a la v\u00edctima mediante el uso de violencia f\u00edsica, psicol\u00f3gica, verbal y amenazas para que L\u00f3pez abusara sexualmente de la ni\u00f1a, en reiteradas ocasiones.<\/p>\n\n\n\n<p>Autoridades explicaron que estas personas ser\u00e1 procesadas por los cargos de trata de personas en modalidad de explotaci\u00f3n sexual y violaci\u00f3n en menor o incapaz.<\/p>\n","protected":false},"excerpt":{"rendered":"<p>La noche del jueves, dos personas que explotaban sexualmente a una ni\u00f1a de tan solo 12 a\u00f1os de edad fueron<\/p>\n","protected":false},"author":1,"featured_media":6902,"comment_status":"open","ping_status":"open","sticky":false,"template":"","format":"standard","meta":{"colormag_page_container_layout":"default_layout","colormag_page_sidebar_layout":"default_layout","footnotes":""},"categories":[1],"tags":[],"class_list":["post-6901","post","type-post","status-publish","format-standard","has-post-thumbnail","hentry","category-nacional"],"_links":{"self":[{"href":"https:\/\/elmetidosv.com\/index.php?rest_route=\/wp\/v2\/posts\/6901","targetHints":{"allow":["GET"]}}],"collection":[{"href":"https:\/\/elmetidosv.com\/index.php?rest_route=\/wp\/v2\/posts"}],"about":[{"href":"https:\/\/elmetidosv.com\/index.php?rest_route=\/wp\/v2\/types\/post"}],"author":[{"embeddable":true,"href":"https:\/\/elmetidosv.com\/index.php?rest_route=\/wp\/v2\/users\/1"}],"replies":[{"embeddable":true,"href":"https:\/\/elmetidosv.com\/index.php?rest_route=%2Fwp%2Fv2%2Fcomments&post=6901"}],"version-history":[{"count":1,"href":"https:\/\/elmetidosv.com\/index.php?rest_route=\/wp\/v2\/posts\/6901\/revisions"}],"predecessor-version":[{"id":6903,"href":"https:\/\/elmetidosv.com\/index.php?rest_route=\/wp\/v2\/posts\/6901\/revisions\/6903"}],"wp:featuredmedia":[{"embeddable":true,"href":"https:\/\/elmetidosv.com\/index.php?rest_route=\/wp\/v2\/media\/6902"}],"wp:attachment":[{"href":"https:\/\/elmetidosv.com\/index.php?rest_route=%2Fwp%2Fv2%2Fmedia&parent=6901"}],"wp:term":[{"taxonomy":"category","embeddable":true,"href":"https:\/\/elmetidosv.com\/index.php?rest_route=%2Fwp%2Fv2%2Fcategories&post=6901"},{"taxonomy":"post_tag","embeddable":true,"href":"https:\/\/elmetidosv.com\/index.php?rest_route=%2Fwp%2Fv2%2Ftags&post=6901"}],"curies":[{"name":"wp","href":"https:\/\/api.w.org\/{rel}","templated":true}]}}