{"id":6896,"date":"2020-07-30T19:58:29","date_gmt":"2020-07-31T01:58:29","guid":{"rendered":"http:\/\/elmetidosve.com\/?p=6896"},"modified":"2020-07-30T19:58:37","modified_gmt":"2020-07-31T01:58:37","slug":"delegacion-de-medicos-espanoles-recorre-el-hospital-el-salvador","status":"publish","type":"post","link":"https:\/\/elmetidosv.com\/?p=6896","title":{"rendered":"Delegaci\u00f3n de m\u00e9dicos espa\u00f1oles recorre el Hospital El Salvador"},"content":{"rendered":"\n<figure class=\"wp-block-gallery columns-3 is-cropped wp-block-gallery-1 is-layout-flex wp-block-gallery-is-layout-flex\"><ul class=\"blocks-gallery-grid\"><li class=\"blocks-gallery-item\"><figure><img loading=\"lazy\" decoding=\"async\" width=\"1024\" height=\"682\" src=\"http:\/\/elmetidosve.com\/wp-content\/uploads\/2020\/07\/0000000000000000000000000000000000-240-1024x682.jpg\" alt=\"\" data-id=\"6897\" data-full-url=\"http:\/\/elmetidosve.com\/wp-content\/uploads\/2020\/07\/0000000000000000000000000000000000-240.jpg\" data-link=\"http:\/\/elmetidosve.com\/?attachment_id=6897\" class=\"wp-image-6897\" srcset=\"https:\/\/elmetidosv.com\/wp-content\/uploads\/2020\/07\/0000000000000000000000000000000000-240-1024x682.jpg 1024w, https:\/\/elmetidosv.com\/wp-content\/uploads\/2020\/07\/0000000000000000000000000000000000-240-300x200.jpg 300w, https:\/\/elmetidosv.com\/wp-content\/uploads\/2020\/07\/0000000000000000000000000000000000-240-768x512.jpg 768w, https:\/\/elmetidosv.com\/wp-content\/uploads\/2020\/07\/0000000000000000000000000000000000-240.jpg 1280w\" sizes=\"auto, (max-width: 1024px) 100vw, 1024px\" \/><\/figure><\/li><li class=\"blocks-gallery-item\"><figure><img loading=\"lazy\" decoding=\"async\" width=\"1024\" height=\"682\" src=\"http:\/\/elmetidosve.com\/wp-content\/uploads\/2020\/07\/0000000000000000000000000000000000-7-192-1024x682.jpg\" alt=\"\" data-id=\"6898\" data-full-url=\"http:\/\/elmetidosve.com\/wp-content\/uploads\/2020\/07\/0000000000000000000000000000000000-7-192.jpg\" data-link=\"http:\/\/elmetidosve.com\/?attachment_id=6898\" class=\"wp-image-6898\" srcset=\"https:\/\/elmetidosv.com\/wp-content\/uploads\/2020\/07\/0000000000000000000000000000000000-7-192-1024x682.jpg 1024w, https:\/\/elmetidosv.com\/wp-content\/uploads\/2020\/07\/0000000000000000000000000000000000-7-192-300x200.jpg 300w, https:\/\/elmetidosv.com\/wp-content\/uploads\/2020\/07\/0000000000000000000000000000000000-7-192-768x512.jpg 768w, https:\/\/elmetidosv.com\/wp-content\/uploads\/2020\/07\/0000000000000000000000000000000000-7-192.jpg 1280w\" sizes=\"auto, (max-width: 1024px) 100vw, 1024px\" \/><\/figure><\/li><li class=\"blocks-gallery-item\"><figure><img loading=\"lazy\" decoding=\"async\" width=\"1024\" height=\"682\" src=\"http:\/\/elmetidosve.com\/wp-content\/uploads\/2020\/07\/000000000000000000-123-1024x682.jpg\" alt=\"\" data-id=\"6899\" data-full-url=\"http:\/\/elmetidosve.com\/wp-content\/uploads\/2020\/07\/000000000000000000-123.jpg\" data-link=\"http:\/\/elmetidosve.com\/?attachment_id=6899\" class=\"wp-image-6899\" srcset=\"https:\/\/elmetidosv.com\/wp-content\/uploads\/2020\/07\/000000000000000000-123-1024x682.jpg 1024w, https:\/\/elmetidosv.com\/wp-content\/uploads\/2020\/07\/000000000000000000-123-300x200.jpg 300w, https:\/\/elmetidosv.com\/wp-content\/uploads\/2020\/07\/000000000000000000-123-768x512.jpg 768w, https:\/\/elmetidosv.com\/wp-content\/uploads\/2020\/07\/000000000000000000-123.jpg 1280w\" sizes=\"auto, (max-width: 1024px) 100vw, 1024px\" \/><\/figure><\/li><\/ul><\/figure>\n\n\n\n<p>La delegaci\u00f3n de m\u00e9dicos espa\u00f1oles recorri\u00f3, la tarde de este jueves, el nuevo Hospital El Salvador, para conocer de primera mano c\u00f3mo se maneja la pandemia en el pa\u00eds.<\/p>\n\n\n\n<p>Los especialistas espa\u00f1oles se sumar\u00e1n a las acciones que ya se est\u00e1n ejecutando por parte del personal de salud en el pa\u00eds, y aportar\u00e1n para el combate al COVID-19, desde su experiencia.<\/p>\n\n\n\n<p>\u201cEste apoyo se suma al esfuerzo tit\u00e1nico que nuestro personal de primera l\u00ednea est\u00e1 realizando, el cual est\u00e1n desempe\u00f1ando de la mejor manera. Con toda la solidaridad internacional que est\u00e1n brindando a nuestro pa\u00eds le damos un enfoque diferente al manejo de la pandemia\u201d, dijo el ministro de Salud, Francisco Alabi.<\/p>\n\n\n\n<p>De acuerdo con las autoridades, los 28 especialistas espa\u00f1oles no solo se dedicar\u00e1n a la atenci\u00f3n de pacientes, tambi\u00e9n implementar\u00e1n su modelo de gesti\u00f3n en los hospitales de la red nacional, especialmente en el nuevo Hospital El Salvador.<\/p>\n\n\n\n<p>Hasta este jueves, en El Salvador se reportan 16,230 casos de COVID-19 de los cuales 7,585 se encuentran activos. Adem\u00e1s, se reportan 8,206 recuperados y 439 fallecidos.<\/p>\n","protected":false},"excerpt":{"rendered":"<p>La delegaci\u00f3n de m\u00e9dicos espa\u00f1oles recorri\u00f3, la tarde de este jueves, el nuevo Hospital El Salvador, para conocer de primera<\/p>\n","protected":false},"author":1,"featured_media":6899,"comment_status":"open","ping_status":"open","sticky":false,"template":"","format":"standard","meta":{"colormag_page_container_layout":"default_layout","colormag_page_sidebar_layout":"default_layout","footnotes":""},"categories":[1],"tags":[],"class_list":["post-6896","post","type-post","status-publish","format-standard","has-post-thumbnail","hentry","category-nacional"],"_links":{"self":[{"href":"https:\/\/elmetidosv.com\/index.php?rest_route=\/wp\/v2\/posts\/6896","targetHints":{"allow":["GET"]}}],"collection":[{"href":"https:\/\/elmetidosv.com\/index.php?rest_route=\/wp\/v2\/posts"}],"about":[{"href":"https:\/\/elmetidosv.com\/index.php?rest_route=\/wp\/v2\/types\/post"}],"author":[{"embeddable":true,"href":"https:\/\/elmetidosv.com\/index.php?rest_route=\/wp\/v2\/users\/1"}],"replies":[{"embeddable":true,"href":"https:\/\/elmetidosv.com\/index.php?rest_route=%2Fwp%2Fv2%2Fcomments&post=6896"}],"version-history":[{"count":1,"href":"https:\/\/elmetidosv.com\/index.php?rest_route=\/wp\/v2\/posts\/6896\/revisions"}],"predecessor-version":[{"id":6900,"href":"https:\/\/elmetidosv.com\/index.php?rest_route=\/wp\/v2\/posts\/6896\/revisions\/6900"}],"wp:featuredmedia":[{"embeddable":true,"href":"https:\/\/elmetidosv.com\/index.php?rest_route=\/wp\/v2\/media\/6899"}],"wp:attachment":[{"href":"https:\/\/elmetidosv.com\/index.php?rest_route=%2Fwp%2Fv2%2Fmedia&parent=6896"}],"wp:term":[{"taxonomy":"category","embeddable":true,"href":"https:\/\/elmetidosv.com\/index.php?rest_route=%2Fwp%2Fv2%2Fcategories&post=6896"},{"taxonomy":"post_tag","embeddable":true,"href":"https:\/\/elmetidosv.com\/index.php?rest_route=%2Fwp%2Fv2%2Ftags&post=6896"}],"curies":[{"name":"wp","href":"https:\/\/api.w.org\/{rel}","templated":true}]}}