{"id":6888,"date":"2020-07-30T19:28:16","date_gmt":"2020-07-31T01:28:16","guid":{"rendered":"http:\/\/elmetidosve.com\/?p=6888"},"modified":"2020-07-30T19:28:26","modified_gmt":"2020-07-31T01:28:26","slug":"unidades-del-transporte-publico-seran-decomisadas-si-suben-el-pasaje","status":"publish","type":"post","link":"https:\/\/elmetidosv.com\/?p=6888","title":{"rendered":"Unidades del transporte p\u00fablico ser\u00e1n decomisadas si suben el pasaje"},"content":{"rendered":"\n<p>El Ministro de Obras P\u00fablicas, Romeo Rodr\u00edguez, detall\u00f3 este jueves que el Gobierno del Presidente Bukele no permitir\u00e1 un aumento a la tarifa del pasaje en el transporte p\u00fablico.<\/p>\n\n\n\n<p>\u201cAl que se atreva, le decomisaremos las unidades\u201d, afirm\u00f3 el funcionario ante diversos medios de comunicaci\u00f3n la ma\u00f1ana de hoy.<\/p>\n\n\n\n<p>De acuerdo con la nueva reestructuraci\u00f3n del Plan de Reapertura de la Econom\u00eda, a partir del 20 de agosto dar\u00e1 reinicio la circulaci\u00f3n de los medios de transporte colectivo como buses y microbuses.<\/p>\n\n\n\n<p>Para brindar el servicio, los transportistas deber\u00e1n someterse a un protocolo de bioseguridad, para garantizar la salud de los pasajeros y motoristas.<\/p>\n\n\n\n<p>En reiteradas oportunidades, los transportistas han afirmado que subir\u00e1n la tarifa del pasaje, debido a que por la emergencia desatada por la pandemia de COVID-19 han visto afectados sus ingresos monetarios. No obstante, el Gobierno ha dicho que no lo permitir\u00e1.<\/p>\n\n\n\n<p><\/p>\n","protected":false},"excerpt":{"rendered":"<p>El Ministro de Obras P\u00fablicas, Romeo Rodr\u00edguez, detall\u00f3 este jueves que el Gobierno del Presidente Bukele no permitir\u00e1 un aumento<\/p>\n","protected":false},"author":1,"featured_media":6889,"comment_status":"open","ping_status":"open","sticky":false,"template":"","format":"standard","meta":{"colormag_page_container_layout":"default_layout","colormag_page_sidebar_layout":"default_layout","footnotes":""},"categories":[1],"tags":[],"class_list":["post-6888","post","type-post","status-publish","format-standard","has-post-thumbnail","hentry","category-nacional"],"_links":{"self":[{"href":"https:\/\/elmetidosv.com\/index.php?rest_route=\/wp\/v2\/posts\/6888","targetHints":{"allow":["GET"]}}],"collection":[{"href":"https:\/\/elmetidosv.com\/index.php?rest_route=\/wp\/v2\/posts"}],"about":[{"href":"https:\/\/elmetidosv.com\/index.php?rest_route=\/wp\/v2\/types\/post"}],"author":[{"embeddable":true,"href":"https:\/\/elmetidosv.com\/index.php?rest_route=\/wp\/v2\/users\/1"}],"replies":[{"embeddable":true,"href":"https:\/\/elmetidosv.com\/index.php?rest_route=%2Fwp%2Fv2%2Fcomments&post=6888"}],"version-history":[{"count":1,"href":"https:\/\/elmetidosv.com\/index.php?rest_route=\/wp\/v2\/posts\/6888\/revisions"}],"predecessor-version":[{"id":6890,"href":"https:\/\/elmetidosv.com\/index.php?rest_route=\/wp\/v2\/posts\/6888\/revisions\/6890"}],"wp:featuredmedia":[{"embeddable":true,"href":"https:\/\/elmetidosv.com\/index.php?rest_route=\/wp\/v2\/media\/6889"}],"wp:attachment":[{"href":"https:\/\/elmetidosv.com\/index.php?rest_route=%2Fwp%2Fv2%2Fmedia&parent=6888"}],"wp:term":[{"taxonomy":"category","embeddable":true,"href":"https:\/\/elmetidosv.com\/index.php?rest_route=%2Fwp%2Fv2%2Fcategories&post=6888"},{"taxonomy":"post_tag","embeddable":true,"href":"https:\/\/elmetidosv.com\/index.php?rest_route=%2Fwp%2Fv2%2Ftags&post=6888"}],"curies":[{"name":"wp","href":"https:\/\/api.w.org\/{rel}","templated":true}]}}