{"id":6872,"date":"2020-07-30T14:25:39","date_gmt":"2020-07-30T20:25:39","guid":{"rendered":"http:\/\/elmetidosve.com\/?p=6872"},"modified":"2020-07-30T14:25:47","modified_gmt":"2020-07-30T20:25:47","slug":"policias-tacticos-desmantelan-campamento-de-pandillas-en-cabanas","status":"publish","type":"post","link":"https:\/\/elmetidosv.com\/?p=6872","title":{"rendered":"Polic\u00edas T\u00e1cticos desmantelan campamento de pandillas en Caba\u00f1as"},"content":{"rendered":"\n<figure class=\"wp-block-gallery columns-3 is-cropped wp-block-gallery-1 is-layout-flex wp-block-gallery-is-layout-flex\"><ul class=\"blocks-gallery-grid\"><li class=\"blocks-gallery-item\"><figure><img loading=\"lazy\" decoding=\"async\" width=\"360\" height=\"203\" src=\"http:\/\/elmetidosve.com\/wp-content\/uploads\/2020\/07\/0000000000000000000000000000000000-7-188.jpg\" alt=\"\" data-id=\"6873\" data-full-url=\"http:\/\/elmetidosve.com\/wp-content\/uploads\/2020\/07\/0000000000000000000000000000000000-7-188.jpg\" data-link=\"http:\/\/elmetidosve.com\/?attachment_id=6873\" class=\"wp-image-6873\" srcset=\"https:\/\/elmetidosv.com\/wp-content\/uploads\/2020\/07\/0000000000000000000000000000000000-7-188.jpg 360w, https:\/\/elmetidosv.com\/wp-content\/uploads\/2020\/07\/0000000000000000000000000000000000-7-188-300x169.jpg 300w\" sizes=\"auto, (max-width: 360px) 100vw, 360px\" \/><\/figure><\/li><li class=\"blocks-gallery-item\"><figure><img loading=\"lazy\" decoding=\"async\" width=\"360\" height=\"203\" src=\"http:\/\/elmetidosve.com\/wp-content\/uploads\/2020\/07\/000000000000000000-120.jpg\" alt=\"\" data-id=\"6874\" data-full-url=\"http:\/\/elmetidosve.com\/wp-content\/uploads\/2020\/07\/000000000000000000-120.jpg\" data-link=\"http:\/\/elmetidosve.com\/?attachment_id=6874\" class=\"wp-image-6874\" srcset=\"https:\/\/elmetidosv.com\/wp-content\/uploads\/2020\/07\/000000000000000000-120.jpg 360w, https:\/\/elmetidosv.com\/wp-content\/uploads\/2020\/07\/000000000000000000-120-300x169.jpg 300w\" sizes=\"auto, (max-width: 360px) 100vw, 360px\" \/><\/figure><\/li><li class=\"blocks-gallery-item\"><figure><img loading=\"lazy\" decoding=\"async\" width=\"360\" height=\"203\" src=\"http:\/\/elmetidosve.com\/wp-content\/uploads\/2020\/07\/000000000000000-60.jpg\" alt=\"\" data-id=\"6875\" data-full-url=\"http:\/\/elmetidosve.com\/wp-content\/uploads\/2020\/07\/000000000000000-60.jpg\" data-link=\"http:\/\/elmetidosve.com\/?attachment_id=6875\" class=\"wp-image-6875\" srcset=\"https:\/\/elmetidosv.com\/wp-content\/uploads\/2020\/07\/000000000000000-60.jpg 360w, https:\/\/elmetidosv.com\/wp-content\/uploads\/2020\/07\/000000000000000-60-300x169.jpg 300w\" sizes=\"auto, (max-width: 360px) 100vw, 360px\" \/><\/figure><\/li><li class=\"blocks-gallery-item\"><figure><img loading=\"lazy\" decoding=\"async\" width=\"360\" height=\"203\" src=\"http:\/\/elmetidosve.com\/wp-content\/uploads\/2020\/07\/0000-21.jpg\" alt=\"\" data-id=\"6876\" data-full-url=\"http:\/\/elmetidosve.com\/wp-content\/uploads\/2020\/07\/0000-21.jpg\" data-link=\"http:\/\/elmetidosve.com\/?attachment_id=6876\" class=\"wp-image-6876\" srcset=\"https:\/\/elmetidosv.com\/wp-content\/uploads\/2020\/07\/0000-21.jpg 360w, https:\/\/elmetidosv.com\/wp-content\/uploads\/2020\/07\/0000-21-300x169.jpg 300w\" sizes=\"auto, (max-width: 360px) 100vw, 360px\" \/><\/figure><\/li><\/ul><\/figure>\n\n\n\n<p>Efectivos de la Secci\u00f3n T\u00e1ctica Operativa (STO) de la Polic\u00eda Nacional Civil (PNC) descubrieron en las \u00faltimas horas un campamento que serv\u00eda de refugio para pandilleros en el departamento de Caba\u00f1as.<\/p>\n\n\n\n<p>Los agentes se desplazaron por una zona rural del municipio de San Isidro en busca de pandilleros y lograron ubicar y desmantelar el campamento clandestino.<\/p>\n\n\n\n<p>En el lugar la polic\u00eda encontr\u00f3 carpas pl\u00e1sticas, colchonetas,  mochilas, armas blancas, l\u00e1mparas y prendas de vestir alusivas a pandillas.<\/p>\n\n\n\n<p>Se presume que los ocupantes del campamento huyeron del lugar al notar la presencia  de los agentes por lo que se mont\u00f3 un dispositivo de b\u00fasqueda en la zona.<\/p>\n\n\n\n<p>Al cierre de esta nota, los elementos de la corporaci\u00f3n policial  no reportaron capturas en este hecho.<\/p>\n","protected":false},"excerpt":{"rendered":"<p>Efectivos de la Secci\u00f3n T\u00e1ctica Operativa (STO) de la Polic\u00eda Nacional Civil (PNC) descubrieron en las \u00faltimas horas un campamento<\/p>\n","protected":false},"author":1,"featured_media":6874,"comment_status":"open","ping_status":"open","sticky":false,"template":"","format":"standard","meta":{"colormag_page_container_layout":"default_layout","colormag_page_sidebar_layout":"default_layout","footnotes":""},"categories":[1],"tags":[],"class_list":["post-6872","post","type-post","status-publish","format-standard","has-post-thumbnail","hentry","category-nacional"],"_links":{"self":[{"href":"https:\/\/elmetidosv.com\/index.php?rest_route=\/wp\/v2\/posts\/6872","targetHints":{"allow":["GET"]}}],"collection":[{"href":"https:\/\/elmetidosv.com\/index.php?rest_route=\/wp\/v2\/posts"}],"about":[{"href":"https:\/\/elmetidosv.com\/index.php?rest_route=\/wp\/v2\/types\/post"}],"author":[{"embeddable":true,"href":"https:\/\/elmetidosv.com\/index.php?rest_route=\/wp\/v2\/users\/1"}],"replies":[{"embeddable":true,"href":"https:\/\/elmetidosv.com\/index.php?rest_route=%2Fwp%2Fv2%2Fcomments&post=6872"}],"version-history":[{"count":1,"href":"https:\/\/elmetidosv.com\/index.php?rest_route=\/wp\/v2\/posts\/6872\/revisions"}],"predecessor-version":[{"id":6877,"href":"https:\/\/elmetidosv.com\/index.php?rest_route=\/wp\/v2\/posts\/6872\/revisions\/6877"}],"wp:featuredmedia":[{"embeddable":true,"href":"https:\/\/elmetidosv.com\/index.php?rest_route=\/wp\/v2\/media\/6874"}],"wp:attachment":[{"href":"https:\/\/elmetidosv.com\/index.php?rest_route=%2Fwp%2Fv2%2Fmedia&parent=6872"}],"wp:term":[{"taxonomy":"category","embeddable":true,"href":"https:\/\/elmetidosv.com\/index.php?rest_route=%2Fwp%2Fv2%2Fcategories&post=6872"},{"taxonomy":"post_tag","embeddable":true,"href":"https:\/\/elmetidosv.com\/index.php?rest_route=%2Fwp%2Fv2%2Ftags&post=6872"}],"curies":[{"name":"wp","href":"https:\/\/api.w.org\/{rel}","templated":true}]}}