{"id":687,"date":"2020-03-13T13:06:21","date_gmt":"2020-03-13T19:06:21","guid":{"rendered":"http:\/\/elmetidosve.com\/?p=687"},"modified":"2020-03-13T13:06:28","modified_gmt":"2020-03-13T19:06:28","slug":"presidente-bukele-decreta-alerta-roja-para-proteger-a-salvadorenos-del-coronavirus","status":"publish","type":"post","link":"https:\/\/elmetidosv.com\/?p=687","title":{"rendered":"Presidente Bukele decreta Alerta Roja para proteger a salvadore\u00f1os del coronavirus"},"content":{"rendered":"\n<p>El presidente de la Rep\u00fablica, Nayib Bukele, decret\u00f3 este viernes la alerta roja en todo el territorio nacional como medida para proteger a los salvadore\u00f1os del mortal virus del coronavirus.<\/p>\n\n\n\n<p>\u201cSe ordena a Protecci\u00f3n Civil decretar ALERTA ROJA en todo el territorio nacional\u201d, expres\u00f3 el mandatario por medio de su cuenta personal de Twitter.<\/p>\n\n\n\n<p>Agregando que \u201ccualquier persona que sea detectada tratando de ingresar a nuestro pa\u00eds por un punto ciego ser\u00e1 llevado a prisi\u00f3n\u201d. Adem\u00e1s,&nbsp; han quedado prohibidas &nbsp;las aglomeraciones mayores de 200 personas.<\/p>\n\n\n\n<p>Hasta el momento, ning\u00fan caso de la enfermedad ha sido confirmado en El Salvador, pero las autoridades de Gobierno tienen claro que es mejor prevenir que lamentar.<\/p>\n\n\n\n<p>El pasado mi\u00e9rcoles, el Presidente Bukele anunci\u00f3 que se ha decidido declarar cuarentena a nivel nacional por 30 d\u00edas, se ha suspendido el ingreso de personas extranjeras al pa\u00eds&nbsp;y se interrumpir\u00e1n las clases en instituciones p\u00fablicas y privadas por 21 d\u00edas como medida de protecci\u00f3n para la poblaci\u00f3n.<\/p>\n\n\n\n<p>El Salvador es uno de los pocos pa\u00edses en los que a\u00fan no se han registrado infestados por el virus. El avance de la mortal enfermedad en Am\u00e9rica Latina ha puesto en alerta a los gobiernos dado que ya son 16 pa\u00edses los que reportaron casos confirmados.<\/p>\n\n\n\n<pre class=\"wp-block-preformatted\"><br>\n\n<\/pre>\n","protected":false},"excerpt":{"rendered":"<p>El presidente de la Rep\u00fablica, Nayib Bukele, decret\u00f3 este viernes la alerta roja en todo el territorio nacional como medida<\/p>\n","protected":false},"author":1,"featured_media":688,"comment_status":"open","ping_status":"open","sticky":false,"template":"","format":"standard","meta":{"colormag_page_container_layout":"default_layout","colormag_page_sidebar_layout":"default_layout","footnotes":""},"categories":[1],"tags":[],"class_list":["post-687","post","type-post","status-publish","format-standard","has-post-thumbnail","hentry","category-nacional"],"_links":{"self":[{"href":"https:\/\/elmetidosv.com\/index.php?rest_route=\/wp\/v2\/posts\/687","targetHints":{"allow":["GET"]}}],"collection":[{"href":"https:\/\/elmetidosv.com\/index.php?rest_route=\/wp\/v2\/posts"}],"about":[{"href":"https:\/\/elmetidosv.com\/index.php?rest_route=\/wp\/v2\/types\/post"}],"author":[{"embeddable":true,"href":"https:\/\/elmetidosv.com\/index.php?rest_route=\/wp\/v2\/users\/1"}],"replies":[{"embeddable":true,"href":"https:\/\/elmetidosv.com\/index.php?rest_route=%2Fwp%2Fv2%2Fcomments&post=687"}],"version-history":[{"count":1,"href":"https:\/\/elmetidosv.com\/index.php?rest_route=\/wp\/v2\/posts\/687\/revisions"}],"predecessor-version":[{"id":689,"href":"https:\/\/elmetidosv.com\/index.php?rest_route=\/wp\/v2\/posts\/687\/revisions\/689"}],"wp:featuredmedia":[{"embeddable":true,"href":"https:\/\/elmetidosv.com\/index.php?rest_route=\/wp\/v2\/media\/688"}],"wp:attachment":[{"href":"https:\/\/elmetidosv.com\/index.php?rest_route=%2Fwp%2Fv2%2Fmedia&parent=687"}],"wp:term":[{"taxonomy":"category","embeddable":true,"href":"https:\/\/elmetidosv.com\/index.php?rest_route=%2Fwp%2Fv2%2Fcategories&post=687"},{"taxonomy":"post_tag","embeddable":true,"href":"https:\/\/elmetidosv.com\/index.php?rest_route=%2Fwp%2Fv2%2Ftags&post=687"}],"curies":[{"name":"wp","href":"https:\/\/api.w.org\/{rel}","templated":true}]}}