{"id":682,"date":"2020-03-13T12:52:46","date_gmt":"2020-03-13T18:52:46","guid":{"rendered":"http:\/\/elmetidosve.com\/?p=682"},"modified":"2020-03-13T12:52:54","modified_gmt":"2020-03-13T18:52:54","slug":"migracion-recomienda-no-viajar-a-el-salvador","status":"publish","type":"post","link":"https:\/\/elmetidosv.com\/?p=682","title":{"rendered":"Migraci\u00f3n recomienda no viajar a El Salvador"},"content":{"rendered":"\n<figure class=\"wp-block-gallery columns-3 is-cropped wp-block-gallery-1 is-layout-flex wp-block-gallery-is-layout-flex\"><ul class=\"blocks-gallery-grid\"><li class=\"blocks-gallery-item\"><figure><img loading=\"lazy\" decoding=\"async\" width=\"1024\" height=\"682\" src=\"http:\/\/elmetidosve.com\/wp-content\/uploads\/2020\/03\/000000000000000000-13-1024x682.jpg\" alt=\"\" data-id=\"683\" data-full-url=\"http:\/\/elmetidosve.com\/wp-content\/uploads\/2020\/03\/000000000000000000-13.jpg\" data-link=\"http:\/\/elmetidosve.com\/?attachment_id=683\" class=\"wp-image-683\" srcset=\"https:\/\/elmetidosv.com\/wp-content\/uploads\/2020\/03\/000000000000000000-13-1024x682.jpg 1024w, https:\/\/elmetidosv.com\/wp-content\/uploads\/2020\/03\/000000000000000000-13-300x200.jpg 300w, https:\/\/elmetidosv.com\/wp-content\/uploads\/2020\/03\/000000000000000000-13-768x512.jpg 768w, https:\/\/elmetidosv.com\/wp-content\/uploads\/2020\/03\/000000000000000000-13.jpg 1280w\" sizes=\"auto, (max-width: 1024px) 100vw, 1024px\" \/><\/figure><\/li><li class=\"blocks-gallery-item\"><figure><img loading=\"lazy\" decoding=\"async\" width=\"1024\" height=\"576\" src=\"http:\/\/elmetidosve.com\/wp-content\/uploads\/2020\/03\/000000000000000-10-1024x576.jpg\" alt=\"\" data-id=\"684\" data-full-url=\"http:\/\/elmetidosve.com\/wp-content\/uploads\/2020\/03\/000000000000000-10.jpg\" data-link=\"http:\/\/elmetidosve.com\/?attachment_id=684\" class=\"wp-image-684\" srcset=\"https:\/\/elmetidosv.com\/wp-content\/uploads\/2020\/03\/000000000000000-10-1024x576.jpg 1024w, https:\/\/elmetidosv.com\/wp-content\/uploads\/2020\/03\/000000000000000-10-300x169.jpg 300w, https:\/\/elmetidosv.com\/wp-content\/uploads\/2020\/03\/000000000000000-10-768x432.jpg 768w, https:\/\/elmetidosv.com\/wp-content\/uploads\/2020\/03\/000000000000000-10.jpg 1280w\" sizes=\"auto, (max-width: 1024px) 100vw, 1024px\" \/><\/figure><\/li><li class=\"blocks-gallery-item\"><figure><img loading=\"lazy\" decoding=\"async\" width=\"1024\" height=\"576\" src=\"http:\/\/elmetidosve.com\/wp-content\/uploads\/2020\/03\/0000000000000-10-1024x576.jpg\" alt=\"\" data-id=\"685\" data-full-url=\"http:\/\/elmetidosve.com\/wp-content\/uploads\/2020\/03\/0000000000000-10.jpg\" data-link=\"http:\/\/elmetidosve.com\/?attachment_id=685\" class=\"wp-image-685\" srcset=\"https:\/\/elmetidosv.com\/wp-content\/uploads\/2020\/03\/0000000000000-10-1024x576.jpg 1024w, https:\/\/elmetidosv.com\/wp-content\/uploads\/2020\/03\/0000000000000-10-300x169.jpg 300w, https:\/\/elmetidosv.com\/wp-content\/uploads\/2020\/03\/0000000000000-10-768x432.jpg 768w, https:\/\/elmetidosv.com\/wp-content\/uploads\/2020\/03\/0000000000000-10.jpg 1280w\" sizes=\"auto, (max-width: 1024px) 100vw, 1024px\" \/><\/figure><\/li><\/ul><\/figure>\n\n\n\n<p>Todos los salvadore\u00f1os, extranjeros residentes y diplom\u00e1ticos que ingresen al pa\u00eds ser\u00e1n puestos en cuarentena preventiva por 30 d\u00edas. Por lo que, a los compatriotas que est\u00e1n en el extranjero y tienen planeado venir a El Salvador, lo m\u00e1s aconsejable es cancelar o posponer el viaje para evitar molestias mientras est\u00e9 activa la cuarentena nacional de 21 d\u00edas decretada por el Presidente Nayib Bukele, debido a la pandemia del Coronavirus COVID &#8211; 19.<\/p>\n\n\n\n<p>Hasta esta tarde se contabilizan 350 personas bajo cuarentena preventiva en los lugares dispuestos para ello. Dichas instalaciones  cumplen con condiciones para el resguardo, alimentaci\u00f3n diaria, saneamiento, atenci\u00f3n m\u00e9dica y seguridad de la poblaci\u00f3n aislada. Se prev\u00e9 que  incremente la cifra de personas que cumplir\u00e1n cuarentena con la llegada de varios vuelos  durante la noche.<\/p>\n\n\n\n<p>Desde que entr\u00f3 en vigencia y hasta esta tarde, unas 120 personas que llegaron al aeropuerto provenientes de varios pa\u00edses, en su mayor\u00eda Estados Unidos, decidieron abordar otros vuelos y declinar el ingreso a El Salvador para evitar someterse a la cuarentena de 30 d\u00edas.<\/p>\n","protected":false},"excerpt":{"rendered":"<p>Todos los salvadore\u00f1os, extranjeros residentes y diplom\u00e1ticos que ingresen al pa\u00eds ser\u00e1n puestos en cuarentena preventiva por 30 d\u00edas. Por<\/p>\n","protected":false},"author":1,"featured_media":684,"comment_status":"open","ping_status":"open","sticky":false,"template":"","format":"standard","meta":{"colormag_page_container_layout":"default_layout","colormag_page_sidebar_layout":"default_layout","footnotes":""},"categories":[1],"tags":[],"class_list":["post-682","post","type-post","status-publish","format-standard","has-post-thumbnail","hentry","category-nacional"],"_links":{"self":[{"href":"https:\/\/elmetidosv.com\/index.php?rest_route=\/wp\/v2\/posts\/682","targetHints":{"allow":["GET"]}}],"collection":[{"href":"https:\/\/elmetidosv.com\/index.php?rest_route=\/wp\/v2\/posts"}],"about":[{"href":"https:\/\/elmetidosv.com\/index.php?rest_route=\/wp\/v2\/types\/post"}],"author":[{"embeddable":true,"href":"https:\/\/elmetidosv.com\/index.php?rest_route=\/wp\/v2\/users\/1"}],"replies":[{"embeddable":true,"href":"https:\/\/elmetidosv.com\/index.php?rest_route=%2Fwp%2Fv2%2Fcomments&post=682"}],"version-history":[{"count":1,"href":"https:\/\/elmetidosv.com\/index.php?rest_route=\/wp\/v2\/posts\/682\/revisions"}],"predecessor-version":[{"id":686,"href":"https:\/\/elmetidosv.com\/index.php?rest_route=\/wp\/v2\/posts\/682\/revisions\/686"}],"wp:featuredmedia":[{"embeddable":true,"href":"https:\/\/elmetidosv.com\/index.php?rest_route=\/wp\/v2\/media\/684"}],"wp:attachment":[{"href":"https:\/\/elmetidosv.com\/index.php?rest_route=%2Fwp%2Fv2%2Fmedia&parent=682"}],"wp:term":[{"taxonomy":"category","embeddable":true,"href":"https:\/\/elmetidosv.com\/index.php?rest_route=%2Fwp%2Fv2%2Fcategories&post=682"},{"taxonomy":"post_tag","embeddable":true,"href":"https:\/\/elmetidosv.com\/index.php?rest_route=%2Fwp%2Fv2%2Ftags&post=682"}],"curies":[{"name":"wp","href":"https:\/\/api.w.org\/{rel}","templated":true}]}}