{"id":6758,"date":"2020-07-27T15:18:59","date_gmt":"2020-07-27T21:18:59","guid":{"rendered":"http:\/\/elmetidosve.com\/?p=6758"},"modified":"2020-07-27T15:19:08","modified_gmt":"2020-07-27T21:19:08","slug":"identifican-a-banda-de-delincuentes-capturados-en-zona-exclusiva-de-san-salvador","status":"publish","type":"post","link":"https:\/\/elmetidosv.com\/?p=6758","title":{"rendered":"Identifican a banda de delincuentes capturados en zona exclusiva de San Salvador"},"content":{"rendered":"\n<figure class=\"wp-block-gallery columns-3 is-cropped wp-block-gallery-1 is-layout-flex wp-block-gallery-is-layout-flex\"><ul class=\"blocks-gallery-grid\"><li class=\"blocks-gallery-item\"><figure><img loading=\"lazy\" decoding=\"async\" width=\"360\" height=\"270\" src=\"http:\/\/elmetidosve.com\/wp-content\/uploads\/2020\/07\/0000000000000000000000000000000000-224.jpg\" alt=\"\" data-id=\"6759\" data-full-url=\"http:\/\/elmetidosve.com\/wp-content\/uploads\/2020\/07\/0000000000000000000000000000000000-224.jpg\" data-link=\"http:\/\/elmetidosve.com\/?attachment_id=6759\" class=\"wp-image-6759\" srcset=\"https:\/\/elmetidosv.com\/wp-content\/uploads\/2020\/07\/0000000000000000000000000000000000-224.jpg 360w, https:\/\/elmetidosv.com\/wp-content\/uploads\/2020\/07\/0000000000000000000000000000000000-224-300x225.jpg 300w\" sizes=\"auto, (max-width: 360px) 100vw, 360px\" \/><\/figure><\/li><li class=\"blocks-gallery-item\"><figure><img loading=\"lazy\" decoding=\"async\" width=\"360\" height=\"270\" src=\"http:\/\/elmetidosve.com\/wp-content\/uploads\/2020\/07\/0000000000000000000000000000000000-7-175.jpg\" alt=\"\" data-id=\"6760\" data-full-url=\"http:\/\/elmetidosve.com\/wp-content\/uploads\/2020\/07\/0000000000000000000000000000000000-7-175.jpg\" data-link=\"http:\/\/elmetidosve.com\/?attachment_id=6760\" class=\"wp-image-6760\" srcset=\"https:\/\/elmetidosv.com\/wp-content\/uploads\/2020\/07\/0000000000000000000000000000000000-7-175.jpg 360w, https:\/\/elmetidosv.com\/wp-content\/uploads\/2020\/07\/0000000000000000000000000000000000-7-175-300x225.jpg 300w\" sizes=\"auto, (max-width: 360px) 100vw, 360px\" \/><\/figure><\/li><li class=\"blocks-gallery-item\"><figure><img loading=\"lazy\" decoding=\"async\" width=\"360\" height=\"201\" src=\"http:\/\/elmetidosve.com\/wp-content\/uploads\/2020\/07\/000000000000000000-108.jpg\" alt=\"\" data-id=\"6761\" data-full-url=\"http:\/\/elmetidosve.com\/wp-content\/uploads\/2020\/07\/000000000000000000-108.jpg\" data-link=\"http:\/\/elmetidosve.com\/?attachment_id=6761\" class=\"wp-image-6761\" srcset=\"https:\/\/elmetidosv.com\/wp-content\/uploads\/2020\/07\/000000000000000000-108.jpg 360w, https:\/\/elmetidosv.com\/wp-content\/uploads\/2020\/07\/000000000000000000-108-300x168.jpg 300w\" sizes=\"auto, (max-width: 360px) 100vw, 360px\" \/><\/figure><\/li><li class=\"blocks-gallery-item\"><figure><img loading=\"lazy\" decoding=\"async\" width=\"360\" height=\"270\" src=\"http:\/\/elmetidosve.com\/wp-content\/uploads\/2020\/07\/000000000000000-54.jpg\" alt=\"\" data-id=\"6762\" data-full-url=\"http:\/\/elmetidosve.com\/wp-content\/uploads\/2020\/07\/000000000000000-54.jpg\" data-link=\"http:\/\/elmetidosve.com\/?attachment_id=6762\" class=\"wp-image-6762\" srcset=\"https:\/\/elmetidosv.com\/wp-content\/uploads\/2020\/07\/000000000000000-54.jpg 360w, https:\/\/elmetidosv.com\/wp-content\/uploads\/2020\/07\/000000000000000-54-300x225.jpg 300w\" sizes=\"auto, (max-width: 360px) 100vw, 360px\" \/><\/figure><\/li><\/ul><\/figure>\n\n\n\n<p>Dos hombres y una mujer fueron capturados la ma\u00f1ana de este lunes luego de un operativo vehicular realizado por agentes de la Polic\u00eda Nacional Civil (PNC) en la Zona Rosa de la colonia San Benito en San Salvador.<\/p>\n\n\n\n<p>Los capturados responden a los nombres de, Marta Steffany Amaya Montano, Sa\u00fal Ernesto Pineda Hern\u00e1ndez y Hans Guillermo Hern\u00e1ndez Flores, acusados por el delito de agrupaciones il\u00edcitas.<\/p>\n\n\n\n<p>De acuerdo al informe policial, a los detenidos se les decomisaron dos pistolas automaticas, tres tel\u00e9fonos celulares, dinero en efectivo y el veh\u00edculo en el que se conduc\u00edan.<\/p>\n\n\n\n<p>La efectividad de los agentes al intervenir a los delincuentes,  permiti\u00f3 encontrar los il\u00edcitos a los ahora detenidos, para determinar posteriormente bajo investigaci\u00f3n, su involucramiento en otros hechos delictivos cometidos en la zona.<\/p>\n\n\n\n<p>La polic\u00eda asegura que en las pr\u00f3ximas horas los tres delincuentes ser\u00e1n llevados a los tribunales donde ser\u00e1n acusados formalmente por los delitos de, portaci\u00f3n ilegal de arma de fuego y agrupaciones terroristas.<\/p>\n","protected":false},"excerpt":{"rendered":"<p>Dos hombres y una mujer fueron capturados la ma\u00f1ana de este lunes luego de un operativo vehicular realizado por agentes<\/p>\n","protected":false},"author":1,"featured_media":6759,"comment_status":"open","ping_status":"open","sticky":false,"template":"","format":"standard","meta":{"colormag_page_container_layout":"default_layout","colormag_page_sidebar_layout":"default_layout","footnotes":""},"categories":[1],"tags":[],"class_list":["post-6758","post","type-post","status-publish","format-standard","has-post-thumbnail","hentry","category-nacional"],"_links":{"self":[{"href":"https:\/\/elmetidosv.com\/index.php?rest_route=\/wp\/v2\/posts\/6758","targetHints":{"allow":["GET"]}}],"collection":[{"href":"https:\/\/elmetidosv.com\/index.php?rest_route=\/wp\/v2\/posts"}],"about":[{"href":"https:\/\/elmetidosv.com\/index.php?rest_route=\/wp\/v2\/types\/post"}],"author":[{"embeddable":true,"href":"https:\/\/elmetidosv.com\/index.php?rest_route=\/wp\/v2\/users\/1"}],"replies":[{"embeddable":true,"href":"https:\/\/elmetidosv.com\/index.php?rest_route=%2Fwp%2Fv2%2Fcomments&post=6758"}],"version-history":[{"count":1,"href":"https:\/\/elmetidosv.com\/index.php?rest_route=\/wp\/v2\/posts\/6758\/revisions"}],"predecessor-version":[{"id":6763,"href":"https:\/\/elmetidosv.com\/index.php?rest_route=\/wp\/v2\/posts\/6758\/revisions\/6763"}],"wp:featuredmedia":[{"embeddable":true,"href":"https:\/\/elmetidosv.com\/index.php?rest_route=\/wp\/v2\/media\/6759"}],"wp:attachment":[{"href":"https:\/\/elmetidosv.com\/index.php?rest_route=%2Fwp%2Fv2%2Fmedia&parent=6758"}],"wp:term":[{"taxonomy":"category","embeddable":true,"href":"https:\/\/elmetidosv.com\/index.php?rest_route=%2Fwp%2Fv2%2Fcategories&post=6758"},{"taxonomy":"post_tag","embeddable":true,"href":"https:\/\/elmetidosv.com\/index.php?rest_route=%2Fwp%2Fv2%2Ftags&post=6758"}],"curies":[{"name":"wp","href":"https:\/\/api.w.org\/{rel}","templated":true}]}}