{"id":6747,"date":"2020-07-27T15:03:25","date_gmt":"2020-07-27T21:03:25","guid":{"rendered":"http:\/\/elmetidosve.com\/?p=6747"},"modified":"2020-07-27T15:03:32","modified_gmt":"2020-07-27T21:03:32","slug":"en-san-ana-sujeto-armado-y-peligroso-es-capturado","status":"publish","type":"post","link":"https:\/\/elmetidosv.com\/?p=6747","title":{"rendered":"En San Ana sujeto armado y peligroso es capturado"},"content":{"rendered":"\n<figure class=\"wp-block-gallery columns-1 is-cropped wp-block-gallery-1 is-layout-flex wp-block-gallery-is-layout-flex\"><ul class=\"blocks-gallery-grid\"><li class=\"blocks-gallery-item\"><figure><img loading=\"lazy\" decoding=\"async\" width=\"500\" height=\"283\" src=\"http:\/\/elmetidosve.com\/wp-content\/uploads\/2020\/07\/00-5.png\" alt=\"\" data-id=\"6748\" data-full-url=\"http:\/\/elmetidosve.com\/wp-content\/uploads\/2020\/07\/00-5.png\" data-link=\"http:\/\/elmetidosve.com\/?attachment_id=6748\" class=\"wp-image-6748\" srcset=\"https:\/\/elmetidosv.com\/wp-content\/uploads\/2020\/07\/00-5.png 500w, https:\/\/elmetidosv.com\/wp-content\/uploads\/2020\/07\/00-5-300x170.png 300w\" sizes=\"auto, (max-width: 500px) 100vw, 500px\" \/><\/figure><\/li><\/ul><\/figure>\n\n\n\n<p>Durante un patrullaje efectuado en la ciudad de Metap\u00e1n efectivos de la Polic\u00eda Nacional Civil (PNC) lograron la captura de un sujeto con un arma de fuego.<\/p>\n\n\n\n<p>Al ubicar al sospechoso, los agentes policiales procedieron a intervenirlo y descubrieron que llevaba consigo una pistola con su cargador y  municiones sin su respectivo permiso.<\/p>\n\n\n\n<p>El detenido responde al nombre de Miguel \u00c1ngel Cartagena, quien ser\u00e1 acusado por el delito de portaci\u00f3n ilegal de arma de fuego, adem\u00e1s de asociaciones il\u00edcitas.<\/p>\n\n\n\n<p>El arma decomisada ser\u00e1 analizada en los laboratorios de la polic\u00eda, para verificar si esta ha sido utilizada en alg\u00fan hecho delictivo en la zona.<\/p>\n\n\n\n<p>Las acciones del Plan Control Territorial contin\u00faan dando buenos resultados para llevar tranquilidad a las familias salvadore\u00f1as; en las \u00faltimas horas, varios  delincuentes han sido capturados por distintos delitos aseguran las autoridades.<\/p>\n\n\n\n<p><\/p>\n","protected":false},"excerpt":{"rendered":"<p>Durante un patrullaje efectuado en la ciudad de Metap\u00e1n efectivos de la Polic\u00eda Nacional Civil (PNC) lograron la captura de<\/p>\n","protected":false},"author":1,"featured_media":6748,"comment_status":"open","ping_status":"open","sticky":false,"template":"","format":"standard","meta":{"colormag_page_container_layout":"default_layout","colormag_page_sidebar_layout":"default_layout","footnotes":""},"categories":[1],"tags":[],"class_list":["post-6747","post","type-post","status-publish","format-standard","has-post-thumbnail","hentry","category-nacional"],"_links":{"self":[{"href":"https:\/\/elmetidosv.com\/index.php?rest_route=\/wp\/v2\/posts\/6747","targetHints":{"allow":["GET"]}}],"collection":[{"href":"https:\/\/elmetidosv.com\/index.php?rest_route=\/wp\/v2\/posts"}],"about":[{"href":"https:\/\/elmetidosv.com\/index.php?rest_route=\/wp\/v2\/types\/post"}],"author":[{"embeddable":true,"href":"https:\/\/elmetidosv.com\/index.php?rest_route=\/wp\/v2\/users\/1"}],"replies":[{"embeddable":true,"href":"https:\/\/elmetidosv.com\/index.php?rest_route=%2Fwp%2Fv2%2Fcomments&post=6747"}],"version-history":[{"count":1,"href":"https:\/\/elmetidosv.com\/index.php?rest_route=\/wp\/v2\/posts\/6747\/revisions"}],"predecessor-version":[{"id":6749,"href":"https:\/\/elmetidosv.com\/index.php?rest_route=\/wp\/v2\/posts\/6747\/revisions\/6749"}],"wp:featuredmedia":[{"embeddable":true,"href":"https:\/\/elmetidosv.com\/index.php?rest_route=\/wp\/v2\/media\/6748"}],"wp:attachment":[{"href":"https:\/\/elmetidosv.com\/index.php?rest_route=%2Fwp%2Fv2%2Fmedia&parent=6747"}],"wp:term":[{"taxonomy":"category","embeddable":true,"href":"https:\/\/elmetidosv.com\/index.php?rest_route=%2Fwp%2Fv2%2Fcategories&post=6747"},{"taxonomy":"post_tag","embeddable":true,"href":"https:\/\/elmetidosv.com\/index.php?rest_route=%2Fwp%2Fv2%2Ftags&post=6747"}],"curies":[{"name":"wp","href":"https:\/\/api.w.org\/{rel}","templated":true}]}}