{"id":6721,"date":"2020-07-26T18:42:49","date_gmt":"2020-07-27T00:42:49","guid":{"rendered":"http:\/\/elmetidosve.com\/?p=6721"},"modified":"2020-07-26T18:42:56","modified_gmt":"2020-07-27T00:42:56","slug":"un-fallecido-y-calle-cerrada-hacia-los-planes-de-renderos","status":"publish","type":"post","link":"https:\/\/elmetidosv.com\/?p=6721","title":{"rendered":"Un fallecido y calle cerrada hacia los Planes de Renderos"},"content":{"rendered":"\n<p>1Un nuevo accidente de tr\u00e1nsito con saldo fatal se registra esta tarde. Esta vez, en la carretera que conduce hacia Los Planes de Renderos, en el sur de San Salvador.<\/p>\n\n\n\n<p>En dicha v\u00eda se encuentra el cuerpo de un hombre que, al parecer, fue atropellado por un veh\u00edculo particular. La Polic\u00eda Nacional Civil (PNC) habr\u00eda cerrado totalmente la calle mientras se procesa la escena.<\/p>\n\n\n\n<p>La v\u00edctima es un motociclista, quien fue impactado por un veh\u00edculo. En la escena se encuentra un pick up el cual estar\u00eda involucrado en el percance.<\/p>\n\n\n\n<p>Se recomienda a los conductores evitar dicha ruta. Elementos de la Divisi\u00f3n de Tr\u00e1nsito de la Polic\u00eda ya se encuentran indagando sobre las causas del percance para deducir responsabilidades.<\/p>\n\n\n\n<p>Este ser\u00eda el segundo caso fatal reportado esta tarde. En ambos hechos, personas que viajaban en moto fueron las v\u00edctimas.<\/p>\n","protected":false},"excerpt":{"rendered":"<p>1Un nuevo accidente de tr\u00e1nsito con saldo fatal se registra esta tarde. Esta vez, en la carretera que conduce hacia<\/p>\n","protected":false},"author":1,"featured_media":6722,"comment_status":"open","ping_status":"open","sticky":false,"template":"","format":"standard","meta":{"colormag_page_container_layout":"default_layout","colormag_page_sidebar_layout":"default_layout","footnotes":""},"categories":[1],"tags":[],"class_list":["post-6721","post","type-post","status-publish","format-standard","has-post-thumbnail","hentry","category-nacional"],"_links":{"self":[{"href":"https:\/\/elmetidosv.com\/index.php?rest_route=\/wp\/v2\/posts\/6721","targetHints":{"allow":["GET"]}}],"collection":[{"href":"https:\/\/elmetidosv.com\/index.php?rest_route=\/wp\/v2\/posts"}],"about":[{"href":"https:\/\/elmetidosv.com\/index.php?rest_route=\/wp\/v2\/types\/post"}],"author":[{"embeddable":true,"href":"https:\/\/elmetidosv.com\/index.php?rest_route=\/wp\/v2\/users\/1"}],"replies":[{"embeddable":true,"href":"https:\/\/elmetidosv.com\/index.php?rest_route=%2Fwp%2Fv2%2Fcomments&post=6721"}],"version-history":[{"count":1,"href":"https:\/\/elmetidosv.com\/index.php?rest_route=\/wp\/v2\/posts\/6721\/revisions"}],"predecessor-version":[{"id":6723,"href":"https:\/\/elmetidosv.com\/index.php?rest_route=\/wp\/v2\/posts\/6721\/revisions\/6723"}],"wp:featuredmedia":[{"embeddable":true,"href":"https:\/\/elmetidosv.com\/index.php?rest_route=\/wp\/v2\/media\/6722"}],"wp:attachment":[{"href":"https:\/\/elmetidosv.com\/index.php?rest_route=%2Fwp%2Fv2%2Fmedia&parent=6721"}],"wp:term":[{"taxonomy":"category","embeddable":true,"href":"https:\/\/elmetidosv.com\/index.php?rest_route=%2Fwp%2Fv2%2Fcategories&post=6721"},{"taxonomy":"post_tag","embeddable":true,"href":"https:\/\/elmetidosv.com\/index.php?rest_route=%2Fwp%2Fv2%2Ftags&post=6721"}],"curies":[{"name":"wp","href":"https:\/\/api.w.org\/{rel}","templated":true}]}}