{"id":6671,"date":"2020-07-25T13:34:55","date_gmt":"2020-07-25T19:34:55","guid":{"rendered":"http:\/\/elmetidosve.com\/?p=6671"},"modified":"2020-07-25T13:35:03","modified_gmt":"2020-07-25T19:35:03","slug":"francisco-manzur-pide-suspender-elecciones-internas-de-arena-en-s-s-pero-se-lo-niegan","status":"publish","type":"post","link":"https:\/\/elmetidosv.com\/?p=6671","title":{"rendered":"Francisco Manzur pide suspender elecciones internas de ARENA en S.S. pero se lo niegan"},"content":{"rendered":"\n<p>Las elecciones internas del partido ARENA para la Alcald\u00eda de San Salvador habr\u00edan sido suspendidas este s\u00e1bado, sin embargo, ser\u00edan llevadas a cabo tras superar aparentes inconvenientes. Esto se genera mientras se desarrolla el proceso por parte de los militantes del partido tricolor.<\/p>\n\n\n\n<p>De momento, los dirigentes del partido no han brindado detalles de lo anterior, aunque no se descarta que est\u00e9 relacionado a la inhabilitaci\u00f3n del precandidato a la alcald\u00eda capitalina, Francisco Manzur.<\/p>\n\n\n\n<p>Manzur pidi\u00f3 a las bases del partido que se suspendieran las elecciones internas para definir al candidato a alcalde de San Salvador, sin embargo, esta solicitud le fue negada.<\/p>\n\n\n\n<p>El aspirante comparti\u00f3 un video en el que expresa que \u201cesta decisi\u00f3n err\u00f3nea e hist\u00f3rica tendr\u00e1 consecuencias negativas para ARENA en las pr\u00f3ximas elecciones del 2021\u201d.<\/p>\n\n\n\n<p>\u201cTenemos entre nuestros funcionarios gente, aparentemente, notable que ha hecho actos de corrupci\u00f3n sumamente graves y no los hemos penalizado. Eso ha ocurrido en ARENA, ese atropello en la b\u00fasqueda y consolidaci\u00f3n de nuestro sistema de libertades y la democracia\u201d, agreg\u00f3 Manzur.<\/p>\n\n\n\n<p>Por su parte, las bases de ARENA aseguran que su sistema de votaci\u00f3n recibi\u00f3 ciber ataques por lo que entr\u00f3 \u201cen modo de resguardo\u201d.<\/p>\n","protected":false},"excerpt":{"rendered":"<p>Las elecciones internas del partido ARENA para la Alcald\u00eda de San Salvador habr\u00edan sido suspendidas este s\u00e1bado, sin embargo, ser\u00edan<\/p>\n","protected":false},"author":1,"featured_media":6672,"comment_status":"open","ping_status":"open","sticky":false,"template":"","format":"standard","meta":{"colormag_page_container_layout":"default_layout","colormag_page_sidebar_layout":"default_layout","footnotes":""},"categories":[1],"tags":[],"class_list":["post-6671","post","type-post","status-publish","format-standard","has-post-thumbnail","hentry","category-nacional"],"_links":{"self":[{"href":"https:\/\/elmetidosv.com\/index.php?rest_route=\/wp\/v2\/posts\/6671","targetHints":{"allow":["GET"]}}],"collection":[{"href":"https:\/\/elmetidosv.com\/index.php?rest_route=\/wp\/v2\/posts"}],"about":[{"href":"https:\/\/elmetidosv.com\/index.php?rest_route=\/wp\/v2\/types\/post"}],"author":[{"embeddable":true,"href":"https:\/\/elmetidosv.com\/index.php?rest_route=\/wp\/v2\/users\/1"}],"replies":[{"embeddable":true,"href":"https:\/\/elmetidosv.com\/index.php?rest_route=%2Fwp%2Fv2%2Fcomments&post=6671"}],"version-history":[{"count":1,"href":"https:\/\/elmetidosv.com\/index.php?rest_route=\/wp\/v2\/posts\/6671\/revisions"}],"predecessor-version":[{"id":6673,"href":"https:\/\/elmetidosv.com\/index.php?rest_route=\/wp\/v2\/posts\/6671\/revisions\/6673"}],"wp:featuredmedia":[{"embeddable":true,"href":"https:\/\/elmetidosv.com\/index.php?rest_route=\/wp\/v2\/media\/6672"}],"wp:attachment":[{"href":"https:\/\/elmetidosv.com\/index.php?rest_route=%2Fwp%2Fv2%2Fmedia&parent=6671"}],"wp:term":[{"taxonomy":"category","embeddable":true,"href":"https:\/\/elmetidosv.com\/index.php?rest_route=%2Fwp%2Fv2%2Fcategories&post=6671"},{"taxonomy":"post_tag","embeddable":true,"href":"https:\/\/elmetidosv.com\/index.php?rest_route=%2Fwp%2Fv2%2Ftags&post=6671"}],"curies":[{"name":"wp","href":"https:\/\/api.w.org\/{rel}","templated":true}]}}