{"id":6637,"date":"2020-07-24T15:50:03","date_gmt":"2020-07-24T21:50:03","guid":{"rendered":"http:\/\/elmetidosve.com\/?p=6637"},"modified":"2020-07-24T15:50:10","modified_gmt":"2020-07-24T21:50:10","slug":"ernesto-lopez-recibe-el-alta-medica-tras-recuperarse-de-covid-19","status":"publish","type":"post","link":"https:\/\/elmetidosv.com\/?p=6637","title":{"rendered":"Ernesto L\u00f3pez recibe el alta m\u00e9dica tras recuperarse de COVID-19"},"content":{"rendered":"\n<p>El periodista Ernesto L\u00f3pez, quien conduce el programa de entrevistas matutino \u201cDi\u00e1logo 21\u201d del Grupo Megavisi\u00f3n, recibi\u00f3 el alta m\u00e9dica este viernes tras recuperarse de COVID-19.<\/p>\n\n\n\n<p>Por medio de las redes sociales, el programa de entrevistas dio a conocer la buena noticia a toda su audiencia.<\/p>\n\n\n\n<p>\u201cA nuestra audiencia queremos compartir que Ernesto L\u00f3pez ha recibido el alta m\u00e9dica esta ma\u00f1ana. Inicia el proceso de cuarentena domiciliar. Posteriormente regresar\u00e1 a las actividades laborales\u201d, public\u00f3 el Grupo Megavisi\u00f3n.<\/p>\n\n\n\n<p>Tras ser diagnosticado con COVID-19, el periodista estuvo ingresado en el Hospital Nacional San Rafael y luego, al mostrar mejor\u00edas, fue enviado al Hospital de la Mujer.<\/p>\n\n\n\n<p>\u201cMe sacaron de la emergencia, del peligro. Y ahora yo cedo mi espacio para que otros puedan ser atendidos\u201d, dijo d\u00edas atr\u00e1s.<\/p>\n","protected":false},"excerpt":{"rendered":"<p>El periodista Ernesto L\u00f3pez, quien conduce el programa de entrevistas matutino \u201cDi\u00e1logo 21\u201d del Grupo Megavisi\u00f3n, recibi\u00f3 el alta m\u00e9dica<\/p>\n","protected":false},"author":1,"featured_media":6638,"comment_status":"open","ping_status":"open","sticky":false,"template":"","format":"standard","meta":{"colormag_page_container_layout":"default_layout","colormag_page_sidebar_layout":"default_layout","footnotes":""},"categories":[1],"tags":[],"class_list":["post-6637","post","type-post","status-publish","format-standard","has-post-thumbnail","hentry","category-nacional"],"_links":{"self":[{"href":"https:\/\/elmetidosv.com\/index.php?rest_route=\/wp\/v2\/posts\/6637","targetHints":{"allow":["GET"]}}],"collection":[{"href":"https:\/\/elmetidosv.com\/index.php?rest_route=\/wp\/v2\/posts"}],"about":[{"href":"https:\/\/elmetidosv.com\/index.php?rest_route=\/wp\/v2\/types\/post"}],"author":[{"embeddable":true,"href":"https:\/\/elmetidosv.com\/index.php?rest_route=\/wp\/v2\/users\/1"}],"replies":[{"embeddable":true,"href":"https:\/\/elmetidosv.com\/index.php?rest_route=%2Fwp%2Fv2%2Fcomments&post=6637"}],"version-history":[{"count":1,"href":"https:\/\/elmetidosv.com\/index.php?rest_route=\/wp\/v2\/posts\/6637\/revisions"}],"predecessor-version":[{"id":6639,"href":"https:\/\/elmetidosv.com\/index.php?rest_route=\/wp\/v2\/posts\/6637\/revisions\/6639"}],"wp:featuredmedia":[{"embeddable":true,"href":"https:\/\/elmetidosv.com\/index.php?rest_route=\/wp\/v2\/media\/6638"}],"wp:attachment":[{"href":"https:\/\/elmetidosv.com\/index.php?rest_route=%2Fwp%2Fv2%2Fmedia&parent=6637"}],"wp:term":[{"taxonomy":"category","embeddable":true,"href":"https:\/\/elmetidosv.com\/index.php?rest_route=%2Fwp%2Fv2%2Fcategories&post=6637"},{"taxonomy":"post_tag","embeddable":true,"href":"https:\/\/elmetidosv.com\/index.php?rest_route=%2Fwp%2Fv2%2Ftags&post=6637"}],"curies":[{"name":"wp","href":"https:\/\/api.w.org\/{rel}","templated":true}]}}