{"id":6630,"date":"2020-07-24T15:41:23","date_gmt":"2020-07-24T21:41:23","guid":{"rendered":"http:\/\/elmetidosve.com\/?p=6630"},"modified":"2020-07-24T15:41:31","modified_gmt":"2020-07-24T21:41:31","slug":"pnc-saca-de-las-calles-a-pandillero-acusado-de-intentar-quitarle-la-vida-a-un-persona-al-oriente-del-pais","status":"publish","type":"post","link":"https:\/\/elmetidosv.com\/?p=6630","title":{"rendered":"PNC saca de las calles a pandillero acusado de intentar quitarle la vida a un persona al oriente del pa\u00eds"},"content":{"rendered":"\n<p>La Polic\u00eda Nacional Civil (PNC) inform\u00f3 este viernes de la captura de un pandillero en el departamento de Moraz\u00e1n, al oriente del pa\u00eds, el delincuente es acusado de intentar quitarle la vida a una persona.<\/p>\n\n\n\n<p>El miembro de la estructura criminal fue identificado como Sa\u00fal Vidal Flores M\u00e9ndez, de 18 a\u00f1os, quien est\u00e1 perfilado como \u201cel Gru\u00f1\u00f3n\u201d, explic\u00f3 la PNC en su cuenta de Twitter.<\/p>\n\n\n\n<p>La captura se realiz\u00f3 en el marco del Plan Control Territorial que desarrolla el Gobierno del Presidente, Nayib Bukele, para combatir la delincuencia y llevar seguridad a la ciudadan\u00eda.<\/p>\n\n\n\n<p>En otro, elementos policiales arrestaron a \u00d3scar F. Cortez Aceituno, de 22 a\u00f1os de edad, alias \u201cCallejero\u201d por el delito de extorsi\u00f3n a gravada.<\/p>\n\n\n\n<p>De acuerdo a la PNC, el sujeto es perfilado como un pandillero activo de una estructura criminal que opera en varios puntos del departamento de La Libertad.<\/p>\n","protected":false},"excerpt":{"rendered":"<p>La Polic\u00eda Nacional Civil (PNC) inform\u00f3 este viernes de la captura de un pandillero en el departamento de Moraz\u00e1n, al<\/p>\n","protected":false},"author":1,"featured_media":6631,"comment_status":"open","ping_status":"open","sticky":false,"template":"","format":"standard","meta":{"colormag_page_container_layout":"default_layout","colormag_page_sidebar_layout":"default_layout","footnotes":""},"categories":[1],"tags":[],"class_list":["post-6630","post","type-post","status-publish","format-standard","has-post-thumbnail","hentry","category-nacional"],"_links":{"self":[{"href":"https:\/\/elmetidosv.com\/index.php?rest_route=\/wp\/v2\/posts\/6630","targetHints":{"allow":["GET"]}}],"collection":[{"href":"https:\/\/elmetidosv.com\/index.php?rest_route=\/wp\/v2\/posts"}],"about":[{"href":"https:\/\/elmetidosv.com\/index.php?rest_route=\/wp\/v2\/types\/post"}],"author":[{"embeddable":true,"href":"https:\/\/elmetidosv.com\/index.php?rest_route=\/wp\/v2\/users\/1"}],"replies":[{"embeddable":true,"href":"https:\/\/elmetidosv.com\/index.php?rest_route=%2Fwp%2Fv2%2Fcomments&post=6630"}],"version-history":[{"count":1,"href":"https:\/\/elmetidosv.com\/index.php?rest_route=\/wp\/v2\/posts\/6630\/revisions"}],"predecessor-version":[{"id":6632,"href":"https:\/\/elmetidosv.com\/index.php?rest_route=\/wp\/v2\/posts\/6630\/revisions\/6632"}],"wp:featuredmedia":[{"embeddable":true,"href":"https:\/\/elmetidosv.com\/index.php?rest_route=\/wp\/v2\/media\/6631"}],"wp:attachment":[{"href":"https:\/\/elmetidosv.com\/index.php?rest_route=%2Fwp%2Fv2%2Fmedia&parent=6630"}],"wp:term":[{"taxonomy":"category","embeddable":true,"href":"https:\/\/elmetidosv.com\/index.php?rest_route=%2Fwp%2Fv2%2Fcategories&post=6630"},{"taxonomy":"post_tag","embeddable":true,"href":"https:\/\/elmetidosv.com\/index.php?rest_route=%2Fwp%2Fv2%2Ftags&post=6630"}],"curies":[{"name":"wp","href":"https:\/\/api.w.org\/{rel}","templated":true}]}}