{"id":6625,"date":"2020-07-24T15:33:51","date_gmt":"2020-07-24T21:33:51","guid":{"rendered":"http:\/\/elmetidosve.com\/?p=6625"},"modified":"2020-07-24T15:33:59","modified_gmt":"2020-07-24T21:33:59","slug":"grupo-de-146-salvadorenos-regresa-al-pais-luego-de-estar-varados-en-eua","status":"publish","type":"post","link":"https:\/\/elmetidosv.com\/?p=6625","title":{"rendered":"Grupo de 146 salvadore\u00f1os regresa al pa\u00eds luego de estar varados en EUA"},"content":{"rendered":"\n<p>Canciller\u00eda facilit\u00f3 el retorno de 146 compatriotas que se encontraban en los Estados Unidos, tras resultar afectados por la emergencia generada por la pandemia del COVID-19.<\/p>\n\n\n\n<p>El grupo de salvadore\u00f1os lleg\u00f3 en horas de la noche de ayer jueves al Aeropuerto Internacional San Oscar Romero y Gald\u00e1mez, como parte del Plan de Repatriaci\u00f3n seguro que impulsa el Presidente de la Rep\u00fablica Nayib Bukele.<\/p>\n\n\n\n<p>Los salvadore\u00f1os llegaron en un Airbus 320 de la aerol\u00ednea Avianca procedente de Los \u00c1ngeles, California, donde se unieron compatriotas que estaban en Las Vegas, Oregon y Washington D.C., siendo recibidos en El Salvador por personal del Ministerio de Salud y de Migraci\u00f3n para seguir con los protocolos de la Organizaci\u00f3n Mundial de la Salud (OMS).<\/p>\n\n\n\n<p>Con la llegada de este grupo se totaliza m\u00e1s de 500 compatriotas que retornaron a El Salvador esta semana y que estaban en los Estados Unidos.<\/p>\n\n\n\n<p>Desde la creaci\u00f3n del Plan de Repatriaci\u00f3n implementado desde el pasado 1 de mayo y a la fecha, m\u00e1s de 4,000 salvadore\u00f1os han retornado al pa\u00eds de manera ordenada y segura, inform\u00f3 la ministra de Relaciones Exteriores, Alexandra Hill, en su informe anual de labores ante la Asamblea Legislativa.<\/p>\n","protected":false},"excerpt":{"rendered":"<p>Canciller\u00eda facilit\u00f3 el retorno de 146 compatriotas que se encontraban en los Estados Unidos, tras resultar afectados por la emergencia<\/p>\n","protected":false},"author":1,"featured_media":6626,"comment_status":"open","ping_status":"open","sticky":false,"template":"","format":"standard","meta":{"colormag_page_container_layout":"default_layout","colormag_page_sidebar_layout":"default_layout","footnotes":""},"categories":[1],"tags":[],"class_list":["post-6625","post","type-post","status-publish","format-standard","has-post-thumbnail","hentry","category-nacional"],"_links":{"self":[{"href":"https:\/\/elmetidosv.com\/index.php?rest_route=\/wp\/v2\/posts\/6625","targetHints":{"allow":["GET"]}}],"collection":[{"href":"https:\/\/elmetidosv.com\/index.php?rest_route=\/wp\/v2\/posts"}],"about":[{"href":"https:\/\/elmetidosv.com\/index.php?rest_route=\/wp\/v2\/types\/post"}],"author":[{"embeddable":true,"href":"https:\/\/elmetidosv.com\/index.php?rest_route=\/wp\/v2\/users\/1"}],"replies":[{"embeddable":true,"href":"https:\/\/elmetidosv.com\/index.php?rest_route=%2Fwp%2Fv2%2Fcomments&post=6625"}],"version-history":[{"count":1,"href":"https:\/\/elmetidosv.com\/index.php?rest_route=\/wp\/v2\/posts\/6625\/revisions"}],"predecessor-version":[{"id":6627,"href":"https:\/\/elmetidosv.com\/index.php?rest_route=\/wp\/v2\/posts\/6625\/revisions\/6627"}],"wp:featuredmedia":[{"embeddable":true,"href":"https:\/\/elmetidosv.com\/index.php?rest_route=\/wp\/v2\/media\/6626"}],"wp:attachment":[{"href":"https:\/\/elmetidosv.com\/index.php?rest_route=%2Fwp%2Fv2%2Fmedia&parent=6625"}],"wp:term":[{"taxonomy":"category","embeddable":true,"href":"https:\/\/elmetidosv.com\/index.php?rest_route=%2Fwp%2Fv2%2Fcategories&post=6625"},{"taxonomy":"post_tag","embeddable":true,"href":"https:\/\/elmetidosv.com\/index.php?rest_route=%2Fwp%2Fv2%2Ftags&post=6625"}],"curies":[{"name":"wp","href":"https:\/\/api.w.org\/{rel}","templated":true}]}}