{"id":6596,"date":"2020-07-23T16:53:02","date_gmt":"2020-07-23T22:53:02","guid":{"rendered":"http:\/\/elmetidosve.com\/?p=6596"},"modified":"2020-07-23T16:53:09","modified_gmt":"2020-07-23T22:53:09","slug":"pnc-desarticula-banda-delincuencial-tras-operativo-en-candelaria-la-frontera","status":"publish","type":"post","link":"https:\/\/elmetidosv.com\/?p=6596","title":{"rendered":"PNC desarticula banda delincuencial tras operativo en Candelaria La Frontera"},"content":{"rendered":"\n<figure class=\"wp-block-gallery columns-2 is-cropped wp-block-gallery-1 is-layout-flex wp-block-gallery-is-layout-flex\"><ul class=\"blocks-gallery-grid\"><li class=\"blocks-gallery-item\"><figure><img loading=\"lazy\" decoding=\"async\" width=\"680\" height=\"442\" src=\"http:\/\/elmetidosve.com\/wp-content\/uploads\/2020\/07\/0000000000000000000000000000000000-193.jpg\" alt=\"\" data-id=\"6597\" data-full-url=\"http:\/\/elmetidosve.com\/wp-content\/uploads\/2020\/07\/0000000000000000000000000000000000-193.jpg\" data-link=\"http:\/\/elmetidosve.com\/?attachment_id=6597\" class=\"wp-image-6597\" srcset=\"https:\/\/elmetidosv.com\/wp-content\/uploads\/2020\/07\/0000000000000000000000000000000000-193.jpg 680w, https:\/\/elmetidosv.com\/wp-content\/uploads\/2020\/07\/0000000000000000000000000000000000-193-300x195.jpg 300w\" sizes=\"auto, (max-width: 680px) 100vw, 680px\" \/><\/figure><\/li><li class=\"blocks-gallery-item\"><figure><img loading=\"lazy\" decoding=\"async\" width=\"680\" height=\"510\" src=\"http:\/\/elmetidosve.com\/wp-content\/uploads\/2020\/07\/0000000000000000000000000000000000-7-149.jpg\" alt=\"\" data-id=\"6598\" data-full-url=\"http:\/\/elmetidosve.com\/wp-content\/uploads\/2020\/07\/0000000000000000000000000000000000-7-149.jpg\" data-link=\"http:\/\/elmetidosve.com\/?attachment_id=6598\" class=\"wp-image-6598\" srcset=\"https:\/\/elmetidosv.com\/wp-content\/uploads\/2020\/07\/0000000000000000000000000000000000-7-149.jpg 680w, https:\/\/elmetidosv.com\/wp-content\/uploads\/2020\/07\/0000000000000000000000000000000000-7-149-300x225.jpg 300w\" sizes=\"auto, (max-width: 680px) 100vw, 680px\" \/><\/figure><\/li><\/ul><\/figure>\n\n\n\n<p>En las \u00faltimas horas, la Polic\u00eda Nacional Civil (PNC) ha capturado a peligrosos delincuentes que operaban en los departamentos de La Libertad y Santa Ana.<\/p>\n\n\n\n<p>De al reporte policial, los sujetos fueron aprehendidos en el municipio de Candelaria La Frontera, a quienes se le acusa de limitaci\u00f3n de circulaci\u00f3n as\u00ed como del delito de lesiones.<\/p>\n\n\n\n<p>Los pandilleros fueron capturados la madrugada de este jueves, mediante la efectividad que se implementa en el desarrollo del Plan Control Territorial.<\/p>\n\n\n\n<p>En otro hecho, la PNC captur\u00f3 en Comasagua, La Libertad a otras cuatro personas integrantes de pandillas que tambi\u00e9n est\u00e1n acusadas del delito de limitaci\u00f3n ilegal a la libertad de circulaci\u00f3n.<\/p>\n\n\n\n<p>La polic\u00eda detalla que los pandilleros son identificados como Rodolfo Ren\u00e9 Coronado, de 19 a\u00f1os de edad, alias \u201cCasco\u201d; F\u00e9lix Alberto Saavedra, de 23 , alias \u201cResorte\u201d; Fredy Ernesto Mel\u00e9ndez, de 30, alias \u201cCabudo\u201d y Jos\u00e9 Ovidio Flores, de 27, alias \u201cCaballito\u201d.<\/p>\n\n\n\n<p><\/p>\n","protected":false},"excerpt":{"rendered":"<p>En las \u00faltimas horas, la Polic\u00eda Nacional Civil (PNC) ha capturado a peligrosos delincuentes que operaban en los departamentos de<\/p>\n","protected":false},"author":1,"featured_media":6598,"comment_status":"open","ping_status":"open","sticky":false,"template":"","format":"standard","meta":{"colormag_page_container_layout":"default_layout","colormag_page_sidebar_layout":"default_layout","footnotes":""},"categories":[1],"tags":[],"class_list":["post-6596","post","type-post","status-publish","format-standard","has-post-thumbnail","hentry","category-nacional"],"_links":{"self":[{"href":"https:\/\/elmetidosv.com\/index.php?rest_route=\/wp\/v2\/posts\/6596","targetHints":{"allow":["GET"]}}],"collection":[{"href":"https:\/\/elmetidosv.com\/index.php?rest_route=\/wp\/v2\/posts"}],"about":[{"href":"https:\/\/elmetidosv.com\/index.php?rest_route=\/wp\/v2\/types\/post"}],"author":[{"embeddable":true,"href":"https:\/\/elmetidosv.com\/index.php?rest_route=\/wp\/v2\/users\/1"}],"replies":[{"embeddable":true,"href":"https:\/\/elmetidosv.com\/index.php?rest_route=%2Fwp%2Fv2%2Fcomments&post=6596"}],"version-history":[{"count":1,"href":"https:\/\/elmetidosv.com\/index.php?rest_route=\/wp\/v2\/posts\/6596\/revisions"}],"predecessor-version":[{"id":6599,"href":"https:\/\/elmetidosv.com\/index.php?rest_route=\/wp\/v2\/posts\/6596\/revisions\/6599"}],"wp:featuredmedia":[{"embeddable":true,"href":"https:\/\/elmetidosv.com\/index.php?rest_route=\/wp\/v2\/media\/6598"}],"wp:attachment":[{"href":"https:\/\/elmetidosv.com\/index.php?rest_route=%2Fwp%2Fv2%2Fmedia&parent=6596"}],"wp:term":[{"taxonomy":"category","embeddable":true,"href":"https:\/\/elmetidosv.com\/index.php?rest_route=%2Fwp%2Fv2%2Fcategories&post=6596"},{"taxonomy":"post_tag","embeddable":true,"href":"https:\/\/elmetidosv.com\/index.php?rest_route=%2Fwp%2Fv2%2Ftags&post=6596"}],"curies":[{"name":"wp","href":"https:\/\/api.w.org\/{rel}","templated":true}]}}