{"id":6530,"date":"2020-07-22T15:07:32","date_gmt":"2020-07-22T21:07:32","guid":{"rendered":"http:\/\/elmetidosve.com\/?p=6530"},"modified":"2020-07-22T15:08:14","modified_gmt":"2020-07-22T21:08:14","slug":"paquetes-alimentarios-continuan-llegando-a-miles-de-familias-salvadorenas-afectadas-por-pandemia","status":"publish","type":"post","link":"https:\/\/elmetidosv.com\/?p=6530","title":{"rendered":"Paquetes alimentarios contin\u00faan llegando a miles de familias salvadore\u00f1as"},"content":{"rendered":"\n<figure class=\"wp-block-gallery columns-3 is-cropped wp-block-gallery-1 is-layout-flex wp-block-gallery-is-layout-flex\"><ul class=\"blocks-gallery-grid\"><li class=\"blocks-gallery-item\"><figure><img loading=\"lazy\" decoding=\"async\" width=\"1024\" height=\"682\" src=\"http:\/\/elmetidosve.com\/wp-content\/uploads\/2020\/07\/0000000000000000000000000000000000-181-1024x682.jpg\" alt=\"\" data-id=\"6531\" data-full-url=\"http:\/\/elmetidosve.com\/wp-content\/uploads\/2020\/07\/0000000000000000000000000000000000-181.jpg\" data-link=\"http:\/\/elmetidosve.com\/?attachment_id=6531\" class=\"wp-image-6531\" srcset=\"https:\/\/elmetidosv.com\/wp-content\/uploads\/2020\/07\/0000000000000000000000000000000000-181-1024x682.jpg 1024w, https:\/\/elmetidosv.com\/wp-content\/uploads\/2020\/07\/0000000000000000000000000000000000-181-300x200.jpg 300w, https:\/\/elmetidosv.com\/wp-content\/uploads\/2020\/07\/0000000000000000000000000000000000-181-768x512.jpg 768w, https:\/\/elmetidosv.com\/wp-content\/uploads\/2020\/07\/0000000000000000000000000000000000-181.jpg 1280w\" sizes=\"auto, (max-width: 1024px) 100vw, 1024px\" \/><\/figure><\/li><li class=\"blocks-gallery-item\"><figure><img loading=\"lazy\" decoding=\"async\" width=\"1024\" height=\"682\" src=\"http:\/\/elmetidosve.com\/wp-content\/uploads\/2020\/07\/0000000000000000000000000000000000-7-141-1024x682.jpg\" alt=\"\" data-id=\"6532\" data-full-url=\"http:\/\/elmetidosve.com\/wp-content\/uploads\/2020\/07\/0000000000000000000000000000000000-7-141.jpg\" data-link=\"http:\/\/elmetidosve.com\/?attachment_id=6532\" class=\"wp-image-6532\" srcset=\"https:\/\/elmetidosv.com\/wp-content\/uploads\/2020\/07\/0000000000000000000000000000000000-7-141-1024x682.jpg 1024w, https:\/\/elmetidosv.com\/wp-content\/uploads\/2020\/07\/0000000000000000000000000000000000-7-141-300x200.jpg 300w, https:\/\/elmetidosv.com\/wp-content\/uploads\/2020\/07\/0000000000000000000000000000000000-7-141-768x512.jpg 768w, https:\/\/elmetidosv.com\/wp-content\/uploads\/2020\/07\/0000000000000000000000000000000000-7-141.jpg 1280w\" sizes=\"auto, (max-width: 1024px) 100vw, 1024px\" \/><\/figure><\/li><li class=\"blocks-gallery-item\"><figure><img loading=\"lazy\" decoding=\"async\" width=\"1024\" height=\"682\" src=\"http:\/\/elmetidosve.com\/wp-content\/uploads\/2020\/07\/000000000000000000-91-1024x682.jpg\" alt=\"\" data-id=\"6533\" data-full-url=\"http:\/\/elmetidosve.com\/wp-content\/uploads\/2020\/07\/000000000000000000-91.jpg\" data-link=\"http:\/\/elmetidosve.com\/?attachment_id=6533\" class=\"wp-image-6533\" srcset=\"https:\/\/elmetidosv.com\/wp-content\/uploads\/2020\/07\/000000000000000000-91-1024x682.jpg 1024w, https:\/\/elmetidosv.com\/wp-content\/uploads\/2020\/07\/000000000000000000-91-300x200.jpg 300w, https:\/\/elmetidosv.com\/wp-content\/uploads\/2020\/07\/000000000000000000-91-768x512.jpg 768w, https:\/\/elmetidosv.com\/wp-content\/uploads\/2020\/07\/000000000000000000-91.jpg 1280w\" sizes=\"auto, (max-width: 1024px) 100vw, 1024px\" \/><\/figure><\/li><\/ul><\/figure>\n\n\n\n<p>El Gobierno del Presidente de la Rep\u00fablica, Nayib Bukele, mantiene firme su compromiso para apoyar a los salvadore\u00f1os con la entrega de los paquetes alimentarios que se distribuyen a nivel nacional durante la pandemia.<\/p>\n\n\n\n<p>Para llevar los alimentos hasta los hogares m\u00e1s rec\u00f3nditos de El Salvador, personal de diferentes instituciones del Gobierno han contribuido en dichas entregas.<\/p>\n\n\n\n<p>Este mi\u00e9rcoles, familias de la Urbanizaci\u00f3n Campos Verdes I, en el municipio de Col\u00f3n, en La Libertad han sido beneficiadas con la entrega de estos alimentos que servir\u00e1n para solventar parte de los gastos familiares.<\/p>\n\n\n\n<p>Adem\u00e1s, en las \u00faltimas horas se ha hecho la entrega de paquetes alimentarios a miles de familias de que habitan en varios puntos de San Salvador.<\/p>\n\n\n\n<p>Con el Programa de Emergencia Sanitaria, las autoridades del Gobierno contin\u00faan llevando alivio a los salvadore\u00f1os que viven momentos dif\u00edciles a causa de la pandemia.<\/p>\n","protected":false},"excerpt":{"rendered":"<p>El Gobierno del Presidente de la Rep\u00fablica, Nayib Bukele, mantiene firme su compromiso para apoyar a los salvadore\u00f1os con la<\/p>\n","protected":false},"author":1,"featured_media":6532,"comment_status":"open","ping_status":"open","sticky":false,"template":"","format":"standard","meta":{"colormag_page_container_layout":"default_layout","colormag_page_sidebar_layout":"default_layout","footnotes":""},"categories":[1],"tags":[],"class_list":["post-6530","post","type-post","status-publish","format-standard","has-post-thumbnail","hentry","category-nacional"],"_links":{"self":[{"href":"https:\/\/elmetidosv.com\/index.php?rest_route=\/wp\/v2\/posts\/6530","targetHints":{"allow":["GET"]}}],"collection":[{"href":"https:\/\/elmetidosv.com\/index.php?rest_route=\/wp\/v2\/posts"}],"about":[{"href":"https:\/\/elmetidosv.com\/index.php?rest_route=\/wp\/v2\/types\/post"}],"author":[{"embeddable":true,"href":"https:\/\/elmetidosv.com\/index.php?rest_route=\/wp\/v2\/users\/1"}],"replies":[{"embeddable":true,"href":"https:\/\/elmetidosv.com\/index.php?rest_route=%2Fwp%2Fv2%2Fcomments&post=6530"}],"version-history":[{"count":2,"href":"https:\/\/elmetidosv.com\/index.php?rest_route=\/wp\/v2\/posts\/6530\/revisions"}],"predecessor-version":[{"id":6535,"href":"https:\/\/elmetidosv.com\/index.php?rest_route=\/wp\/v2\/posts\/6530\/revisions\/6535"}],"wp:featuredmedia":[{"embeddable":true,"href":"https:\/\/elmetidosv.com\/index.php?rest_route=\/wp\/v2\/media\/6532"}],"wp:attachment":[{"href":"https:\/\/elmetidosv.com\/index.php?rest_route=%2Fwp%2Fv2%2Fmedia&parent=6530"}],"wp:term":[{"taxonomy":"category","embeddable":true,"href":"https:\/\/elmetidosv.com\/index.php?rest_route=%2Fwp%2Fv2%2Fcategories&post=6530"},{"taxonomy":"post_tag","embeddable":true,"href":"https:\/\/elmetidosv.com\/index.php?rest_route=%2Fwp%2Fv2%2Ftags&post=6530"}],"curies":[{"name":"wp","href":"https:\/\/api.w.org\/{rel}","templated":true}]}}