{"id":6527,"date":"2020-07-22T15:01:50","date_gmt":"2020-07-22T21:01:50","guid":{"rendered":"http:\/\/elmetidosve.com\/?p=6527"},"modified":"2020-07-22T15:01:58","modified_gmt":"2020-07-22T21:01:58","slug":"rectora-de-la-universidad-dr-andres-bello-fallece-a-causa-del-covid-19","status":"publish","type":"post","link":"https:\/\/elmetidosv.com\/?p=6527","title":{"rendered":"Rectora de la Universidad Dr. Andr\u00e9s Bello fallece a causa del COVID-19"},"content":{"rendered":"\n<figure class=\"wp-block-image\"><img decoding=\"async\" src=\"https:\/\/scontent.fsal5-1.fna.fbcdn.net\/v\/t1.0-9\/p960x960\/110313259_3114064415336736_7648210451452459732_o.jpg?_nc_cat=105&amp;_nc_sid=8024bb&amp;_nc_ohc=co0t0d3bi2sAX-oRgdH&amp;_nc_ht=scontent.fsal5-1.fna&amp;_nc_tp=6&amp;oh=01a3ad4651791d392efe9f808a2fb1c9&amp;oe=5F3E6A23\" alt=\"\"\/><\/figure>\n\n\n\n<p>La rectora de la Universidad Dr. Andr\u00e9s Bello, Ana Marta Moreno de Araujo, falleci\u00f3 en las \u00faltimas horas a causa del COVID-19.<\/p>\n\n\n\n<p>A trav\u00e9s de una publicaci\u00f3n en sus redes sociales, la universidad lament\u00f3 el fallecimiento y envi\u00f3 mensajes de aliento a sus familiares.<\/p>\n\n\n\n<p>\u201cMujer integral, maestra de generaciones, pilar en la formaci\u00f3n de excelentes profesionales, celebramos su vida y agradecemos su ense\u00f1anzas. Un gracias no basta, para rendir homenaje a su trabajo incasable en la b\u00fasqueda de la excelencia acad\u00e9mica\u201d, dice parte de un comunicado publicado por la referida universidad.<\/p>\n\n\n\n<p>De igual forma, otras instituciones mostraron sus condolencias a la familia por el deceso de la licenciada Moreno de Araujo.<\/p>\n\n\n\n<p>\u201cEn su trayectoria profesional apoy\u00f3 fuertemente al gremio de enfermer\u00eda, obteniendo destacados logros\u201d, la que public\u00f3 la Universidad de El Salvador (UES).<\/p>\n\n\n\n<p>Hasta este mi\u00e9rcoles, en el pa\u00eds se reportan 12,975 casos de COVID-19, de los cuales 5,493 se mantienen activos. Adem\u00e1s, se registran 7,119 recuperados y 363 fallecidos.<\/p>\n","protected":false},"excerpt":{"rendered":"<p>La rectora de la Universidad Dr. Andr\u00e9s Bello, Ana Marta Moreno de Araujo, falleci\u00f3 en las \u00faltimas horas a causa<\/p>\n","protected":false},"author":1,"featured_media":6528,"comment_status":"open","ping_status":"open","sticky":false,"template":"","format":"standard","meta":{"colormag_page_container_layout":"default_layout","colormag_page_sidebar_layout":"default_layout","footnotes":""},"categories":[1],"tags":[],"class_list":["post-6527","post","type-post","status-publish","format-standard","has-post-thumbnail","hentry","category-nacional"],"_links":{"self":[{"href":"https:\/\/elmetidosv.com\/index.php?rest_route=\/wp\/v2\/posts\/6527","targetHints":{"allow":["GET"]}}],"collection":[{"href":"https:\/\/elmetidosv.com\/index.php?rest_route=\/wp\/v2\/posts"}],"about":[{"href":"https:\/\/elmetidosv.com\/index.php?rest_route=\/wp\/v2\/types\/post"}],"author":[{"embeddable":true,"href":"https:\/\/elmetidosv.com\/index.php?rest_route=\/wp\/v2\/users\/1"}],"replies":[{"embeddable":true,"href":"https:\/\/elmetidosv.com\/index.php?rest_route=%2Fwp%2Fv2%2Fcomments&post=6527"}],"version-history":[{"count":1,"href":"https:\/\/elmetidosv.com\/index.php?rest_route=\/wp\/v2\/posts\/6527\/revisions"}],"predecessor-version":[{"id":6529,"href":"https:\/\/elmetidosv.com\/index.php?rest_route=\/wp\/v2\/posts\/6527\/revisions\/6529"}],"wp:featuredmedia":[{"embeddable":true,"href":"https:\/\/elmetidosv.com\/index.php?rest_route=\/wp\/v2\/media\/6528"}],"wp:attachment":[{"href":"https:\/\/elmetidosv.com\/index.php?rest_route=%2Fwp%2Fv2%2Fmedia&parent=6527"}],"wp:term":[{"taxonomy":"category","embeddable":true,"href":"https:\/\/elmetidosv.com\/index.php?rest_route=%2Fwp%2Fv2%2Fcategories&post=6527"},{"taxonomy":"post_tag","embeddable":true,"href":"https:\/\/elmetidosv.com\/index.php?rest_route=%2Fwp%2Fv2%2Ftags&post=6527"}],"curies":[{"name":"wp","href":"https:\/\/api.w.org\/{rel}","templated":true}]}}