{"id":6524,"date":"2020-07-22T14:52:20","date_gmt":"2020-07-22T20:52:20","guid":{"rendered":"http:\/\/elmetidosve.com\/?p=6524"},"modified":"2020-07-22T14:52:27","modified_gmt":"2020-07-22T20:52:27","slug":"el-salvador-registra-27-dias-sin-homicidios-durante-el-gobierno-del-presidente-bukele","status":"publish","type":"post","link":"https:\/\/elmetidosv.com\/?p=6524","title":{"rendered":"El Salvador registra 27 d\u00edas sin homicidios durante el Gobierno del Presidente Bukele"},"content":{"rendered":"\n<figure class=\"wp-block-image\"><img decoding=\"async\" src=\"https:\/\/pbs.twimg.com\/media\/EdglDC7WAAAWkgl?format=jpg&amp;name=small\" alt=\"Imagen\"\/><\/figure>\n\n\n\n<p>El presidente de la Rep\u00fablica Nayib Bukele inform\u00f3 por medio de sus redes sociales, que ayer martes 21 de junio, El Salvador report\u00f3 0 homicidios a nivel nacional.<\/p>\n\n\n\n<p>El Plan Control Territorial que desarrolla el Gobierno contin\u00faa dando tranquilidad al pa\u00eds, logrando 27 d\u00edas con cero homicidios desde el inicio de la gesti\u00f3n gubernamental.<\/p>\n\n\n\n<p>\u201cPodemos confirmar que hemos cerrado el martes 21 de julio, con 0 homicidios a nivel nacional. Delincuencia: CONTROLADA. Los que le apuestan a que nuestro pa\u00eds falle, est\u00e1n equivocados. Nuestro pa\u00eds va de la mano de Dios y vamos a salir adelante\u201d, expres\u00f3 el mandatario.<\/p>\n\n\n\n<p>Cuando el Presidente Bukele asumi\u00f3 el Gobierno el 1 junio de 2019, El Salvador ten\u00eda promedios diarios de entre 10 y 12 homicidios. En un a\u00f1o de puesta en marcha del Plan, se ha llegado a promedios debajo de los 2 cada d\u00eda.<\/p>\n\n\n\n<p>Ahora El Salvador es uno de los pa\u00edses con bajo nivel delincuencial en toda la regi\u00f3n centroamericana, lo que ha podido lograrse a trav\u00e9s de la operatividad y modernizaci\u00f3n de la Polic\u00eda y la Fuerza Armada.<\/p>\n\n\n\n<p>Por su parte, el ministro de Justicia y Seguridad, Rogelio Rivas, resalt\u00f3 que adem\u00e1s de reportar 0 homicidios se ha logrado una importante reducci\u00f3n en todos los delito.<\/p>\n\n\n\n<p>\u201cEste martes 21 de Julio no se registr\u00f3 ning\u00fan homicidio a nivel nacional, con este suman 27 d\u00edas en la administraci\u00f3n del Presidente Nayib Bukele. Adem\u00e1s, hay una reducci\u00f3n en todos los delitos, cifras que son alentadoras y nos indican que vamos por el rumbo correcto.<\/p>\n\n\n\n<p><\/p>\n","protected":false},"excerpt":{"rendered":"<p>El presidente de la Rep\u00fablica Nayib Bukele inform\u00f3 por medio de sus redes sociales, que ayer martes 21 de junio,<\/p>\n","protected":false},"author":1,"featured_media":6525,"comment_status":"open","ping_status":"open","sticky":false,"template":"","format":"standard","meta":{"colormag_page_container_layout":"default_layout","colormag_page_sidebar_layout":"default_layout","footnotes":""},"categories":[1],"tags":[],"class_list":["post-6524","post","type-post","status-publish","format-standard","has-post-thumbnail","hentry","category-nacional"],"_links":{"self":[{"href":"https:\/\/elmetidosv.com\/index.php?rest_route=\/wp\/v2\/posts\/6524","targetHints":{"allow":["GET"]}}],"collection":[{"href":"https:\/\/elmetidosv.com\/index.php?rest_route=\/wp\/v2\/posts"}],"about":[{"href":"https:\/\/elmetidosv.com\/index.php?rest_route=\/wp\/v2\/types\/post"}],"author":[{"embeddable":true,"href":"https:\/\/elmetidosv.com\/index.php?rest_route=\/wp\/v2\/users\/1"}],"replies":[{"embeddable":true,"href":"https:\/\/elmetidosv.com\/index.php?rest_route=%2Fwp%2Fv2%2Fcomments&post=6524"}],"version-history":[{"count":1,"href":"https:\/\/elmetidosv.com\/index.php?rest_route=\/wp\/v2\/posts\/6524\/revisions"}],"predecessor-version":[{"id":6526,"href":"https:\/\/elmetidosv.com\/index.php?rest_route=\/wp\/v2\/posts\/6524\/revisions\/6526"}],"wp:featuredmedia":[{"embeddable":true,"href":"https:\/\/elmetidosv.com\/index.php?rest_route=\/wp\/v2\/media\/6525"}],"wp:attachment":[{"href":"https:\/\/elmetidosv.com\/index.php?rest_route=%2Fwp%2Fv2%2Fmedia&parent=6524"}],"wp:term":[{"taxonomy":"category","embeddable":true,"href":"https:\/\/elmetidosv.com\/index.php?rest_route=%2Fwp%2Fv2%2Fcategories&post=6524"},{"taxonomy":"post_tag","embeddable":true,"href":"https:\/\/elmetidosv.com\/index.php?rest_route=%2Fwp%2Fv2%2Ftags&post=6524"}],"curies":[{"name":"wp","href":"https:\/\/api.w.org\/{rel}","templated":true}]}}