{"id":6521,"date":"2020-07-22T14:06:46","date_gmt":"2020-07-22T20:06:46","guid":{"rendered":"http:\/\/elmetidosve.com\/?p=6521"},"modified":"2020-07-22T14:06:54","modified_gmt":"2020-07-22T20:06:54","slug":"sismo-de-4-2-grados-sacude-las-costas-de-guatemala-y-el-salvador","status":"publish","type":"post","link":"https:\/\/elmetidosv.com\/?p=6521","title":{"rendered":"Sismo de 4.2 grados sacude las costas de Guatemala y El Salvador"},"content":{"rendered":"\n<figure class=\"wp-block-image\"><img decoding=\"async\" src=\"https:\/\/pbs.twimg.com\/media\/EdiwB28X0AA0qgD?format=jpg&amp;name=small\" alt=\"Imagen\"\/><\/figure>\n\n\n\n<figure class=\"wp-block-image\"><img decoding=\"async\" src=\"https:\/\/pbs.twimg.com\/media\/Ediw5VkX0AAsWPB?format=jpg&amp;name=small\" alt=\"Imagen\"\/><\/figure>\n\n\n\n<p>Un sismo de 4.2 grados se registr\u00f3 esta ma\u00f1ana de mi\u00e9rcoles en las costas de Guatemala, de acuerdo con los reportes del Ministerio del Medio Ambiente y Recursos Naturales (MARN).<\/p>\n\n\n\n<p>Dicho movimiento fue sensible tambi\u00e9n en parte del Occidente de El Salvador. Este se localiz\u00f3 a 64 kil\u00f3metros al oeste de la Barra de Santiago, Ahuachap\u00e1n.<\/p>\n\n\n\n<p>El sismo ocurri\u00f3 a las 10:03 de la ma\u00f1ana y de acuerdo con el reporte, se sinti\u00f3 tambi\u00e9n en Sonsonate y parte de La Libertad.<\/p>\n\n\n\n<p>Mira el mapa instrumental compartido por el MARN sobre c\u00f3mo fue sensible el sismo en territorio salvadore\u00f1o:<\/p>\n","protected":false},"excerpt":{"rendered":"<p>Un sismo de 4.2 grados se registr\u00f3 esta ma\u00f1ana de mi\u00e9rcoles en las costas de Guatemala, de acuerdo con los<\/p>\n","protected":false},"author":1,"featured_media":6522,"comment_status":"open","ping_status":"open","sticky":false,"template":"","format":"standard","meta":{"colormag_page_container_layout":"default_layout","colormag_page_sidebar_layout":"default_layout","footnotes":""},"categories":[1],"tags":[],"class_list":["post-6521","post","type-post","status-publish","format-standard","has-post-thumbnail","hentry","category-nacional"],"_links":{"self":[{"href":"https:\/\/elmetidosv.com\/index.php?rest_route=\/wp\/v2\/posts\/6521","targetHints":{"allow":["GET"]}}],"collection":[{"href":"https:\/\/elmetidosv.com\/index.php?rest_route=\/wp\/v2\/posts"}],"about":[{"href":"https:\/\/elmetidosv.com\/index.php?rest_route=\/wp\/v2\/types\/post"}],"author":[{"embeddable":true,"href":"https:\/\/elmetidosv.com\/index.php?rest_route=\/wp\/v2\/users\/1"}],"replies":[{"embeddable":true,"href":"https:\/\/elmetidosv.com\/index.php?rest_route=%2Fwp%2Fv2%2Fcomments&post=6521"}],"version-history":[{"count":1,"href":"https:\/\/elmetidosv.com\/index.php?rest_route=\/wp\/v2\/posts\/6521\/revisions"}],"predecessor-version":[{"id":6523,"href":"https:\/\/elmetidosv.com\/index.php?rest_route=\/wp\/v2\/posts\/6521\/revisions\/6523"}],"wp:featuredmedia":[{"embeddable":true,"href":"https:\/\/elmetidosv.com\/index.php?rest_route=\/wp\/v2\/media\/6522"}],"wp:attachment":[{"href":"https:\/\/elmetidosv.com\/index.php?rest_route=%2Fwp%2Fv2%2Fmedia&parent=6521"}],"wp:term":[{"taxonomy":"category","embeddable":true,"href":"https:\/\/elmetidosv.com\/index.php?rest_route=%2Fwp%2Fv2%2Fcategories&post=6521"},{"taxonomy":"post_tag","embeddable":true,"href":"https:\/\/elmetidosv.com\/index.php?rest_route=%2Fwp%2Fv2%2Ftags&post=6521"}],"curies":[{"name":"wp","href":"https:\/\/api.w.org\/{rel}","templated":true}]}}