{"id":6481,"date":"2020-07-21T17:08:09","date_gmt":"2020-07-21T23:08:09","guid":{"rendered":"http:\/\/elmetidosve.com\/?p=6481"},"modified":"2020-07-21T17:08:17","modified_gmt":"2020-07-21T23:08:17","slug":"salud-recibe-donacion-de-30-tablets-de-la-embajada-de-canada-para-fortalecer-a-unidades-medicas","status":"publish","type":"post","link":"https:\/\/elmetidosv.com\/?p=6481","title":{"rendered":"Salud recibe donaci\u00f3n de 30 tablets de la embajada de Canad\u00e1 para fortalecer a unidades m\u00e9dicas"},"content":{"rendered":"\n<figure class=\"wp-block-gallery columns-2 is-cropped wp-block-gallery-1 is-layout-flex wp-block-gallery-is-layout-flex\"><ul class=\"blocks-gallery-grid\"><li class=\"blocks-gallery-item\"><figure><img loading=\"lazy\" decoding=\"async\" width=\"680\" height=\"341\" src=\"http:\/\/elmetidosve.com\/wp-content\/uploads\/2020\/07\/0000000000000000000000000000000000-172.jpg\" alt=\"\" data-id=\"6482\" data-full-url=\"http:\/\/elmetidosve.com\/wp-content\/uploads\/2020\/07\/0000000000000000000000000000000000-172.jpg\" data-link=\"http:\/\/elmetidosve.com\/?attachment_id=6482\" class=\"wp-image-6482\" srcset=\"https:\/\/elmetidosv.com\/wp-content\/uploads\/2020\/07\/0000000000000000000000000000000000-172.jpg 680w, https:\/\/elmetidosv.com\/wp-content\/uploads\/2020\/07\/0000000000000000000000000000000000-172-300x150.jpg 300w\" sizes=\"auto, (max-width: 680px) 100vw, 680px\" \/><\/figure><\/li><li class=\"blocks-gallery-item\"><figure><img loading=\"lazy\" decoding=\"async\" width=\"360\" height=\"240\" src=\"http:\/\/elmetidosve.com\/wp-content\/uploads\/2020\/07\/0000000000000000000000000000000000-7-134.jpg\" alt=\"\" data-id=\"6483\" data-full-url=\"http:\/\/elmetidosve.com\/wp-content\/uploads\/2020\/07\/0000000000000000000000000000000000-7-134.jpg\" data-link=\"http:\/\/elmetidosve.com\/?attachment_id=6483\" class=\"wp-image-6483\" srcset=\"https:\/\/elmetidosv.com\/wp-content\/uploads\/2020\/07\/0000000000000000000000000000000000-7-134.jpg 360w, https:\/\/elmetidosv.com\/wp-content\/uploads\/2020\/07\/0000000000000000000000000000000000-7-134-300x200.jpg 300w\" sizes=\"auto, (max-width: 360px) 100vw, 360px\" \/><\/figure><\/li><\/ul><\/figure>\n\n\n\n<p>El Ministerio de Salud inform\u00f3 este martes de la donaci\u00f3n de 30 tablets de la embajada canadiense, con el objetivo de fortalecer a unidades m\u00e9dicas.<\/p>\n\n\n\n<p>El donativo consiste en 30 tablets y equipo de video conferencia, para el fortalecimiento de la prestaci\u00f3n de servicios amigables de salud para adolescentes, inform\u00f3 la cartera de Estado en su cuenta oficial de Twitter.<\/p>\n\n\n\n<p>Seg\u00fan las autoridades de Salud, contar con este equipo tecnol\u00f3gico son un instrumento valioso para cumplir los objetivos trazados para brindar una mejor atenci\u00f3n a los pacientes.<\/p>\n\n\n\n<p>El portal web covid19.gob.sv, detalla que son 12,582 personas las contagiadas con el nuevo coronavirus. De esta cifra han fallecido 352 y se han logrado recuperar 6,969 personas.<\/p>\n\n\n\n<p>El Ministerio de Salud hace el llamado a la poblaci\u00f3n a mantenerse en sus hogares y solo salir si es necesario. Adem\u00e1s, deben portar adecuadamente la mascarilla y cumplir con el distanciamiento social.<\/p>\n","protected":false},"excerpt":{"rendered":"<p>El Ministerio de Salud inform\u00f3 este martes de la donaci\u00f3n de 30 tablets de la embajada canadiense, con el objetivo<\/p>\n","protected":false},"author":1,"featured_media":6482,"comment_status":"open","ping_status":"open","sticky":false,"template":"","format":"standard","meta":{"colormag_page_container_layout":"default_layout","colormag_page_sidebar_layout":"default_layout","footnotes":""},"categories":[1],"tags":[],"class_list":["post-6481","post","type-post","status-publish","format-standard","has-post-thumbnail","hentry","category-nacional"],"_links":{"self":[{"href":"https:\/\/elmetidosv.com\/index.php?rest_route=\/wp\/v2\/posts\/6481","targetHints":{"allow":["GET"]}}],"collection":[{"href":"https:\/\/elmetidosv.com\/index.php?rest_route=\/wp\/v2\/posts"}],"about":[{"href":"https:\/\/elmetidosv.com\/index.php?rest_route=\/wp\/v2\/types\/post"}],"author":[{"embeddable":true,"href":"https:\/\/elmetidosv.com\/index.php?rest_route=\/wp\/v2\/users\/1"}],"replies":[{"embeddable":true,"href":"https:\/\/elmetidosv.com\/index.php?rest_route=%2Fwp%2Fv2%2Fcomments&post=6481"}],"version-history":[{"count":1,"href":"https:\/\/elmetidosv.com\/index.php?rest_route=\/wp\/v2\/posts\/6481\/revisions"}],"predecessor-version":[{"id":6484,"href":"https:\/\/elmetidosv.com\/index.php?rest_route=\/wp\/v2\/posts\/6481\/revisions\/6484"}],"wp:featuredmedia":[{"embeddable":true,"href":"https:\/\/elmetidosv.com\/index.php?rest_route=\/wp\/v2\/media\/6482"}],"wp:attachment":[{"href":"https:\/\/elmetidosv.com\/index.php?rest_route=%2Fwp%2Fv2%2Fmedia&parent=6481"}],"wp:term":[{"taxonomy":"category","embeddable":true,"href":"https:\/\/elmetidosv.com\/index.php?rest_route=%2Fwp%2Fv2%2Fcategories&post=6481"},{"taxonomy":"post_tag","embeddable":true,"href":"https:\/\/elmetidosv.com\/index.php?rest_route=%2Fwp%2Fv2%2Ftags&post=6481"}],"curies":[{"name":"wp","href":"https:\/\/api.w.org\/{rel}","templated":true}]}}