{"id":6386,"date":"2020-07-20T14:45:12","date_gmt":"2020-07-20T20:45:12","guid":{"rendered":"http:\/\/elmetidosve.com\/?p=6386"},"modified":"2020-07-20T14:45:20","modified_gmt":"2020-07-20T20:45:20","slug":"gobierno-anuncia-segunda-entrega-de-paquetes-alimentarios-para-3-4-millones-de-familias","status":"publish","type":"post","link":"https:\/\/elmetidosv.com\/?p=6386","title":{"rendered":"Gobierno anuncia segunda entrega de paquetes alimentarios para 3.4 millones de familias"},"content":{"rendered":"\n<p>El Presidente de la Rep\u00fablica, Nayib Bukele, anunci\u00f3 ayer s\u00e1bado, una segunda entrega de paquetes alimentarios para 3.4 millones familias como parte de las medidas para beneficiar a los salvadore\u00f1os ante la pandemia del COVID-19.<\/p>\n\n\n\n<p>\u201cQuiero anunciar que el Gobierno realizar\u00e1 una segunda entrega de los paquetes alimentarios al 100% de la poblaci\u00f3n\u201d, anunci\u00f3 el mandatario en su visita a la hacienda El Triunfo, cant\u00f3n San Nicol\u00e1s Lempa, en Tecoluca, departamento de San Vicente, en la que supervis\u00f3 el plan de eliminaci\u00f3n de la langosta voladora.<\/p>\n\n\n\n<p>El mandatario explic\u00f3 que la segunda fase ser\u00e1 similar a la primera en la entrega de 3.4 millones de paquetes alimentarios. \u201cTodos van a recibir otro paquete alimentario del mismo tama\u00f1o, con el mismo producto y con la misma cantidad\u201d.<\/p>\n\n\n\n<p>El Presidente explic\u00f3 que el objetivo es \u201capoyar econ\u00f3micamente a las familias, aunque el apoyo es alimentario, porque si se hace en dinero en lugar de gastarlo en comida lo pueden gastar en otra cosa\u201d.<\/p>\n\n\n\n<p>La primera fase concluir\u00e1 en un 100% en los pr\u00f3ximos 10 d\u00edas, por lo que el mandatario solicit\u00f3 el ministro de la Defensa, Francis Merino Monroy, disponer de m\u00e1s elementos de la Fuerza Armada para concluir dicha etapa.<\/p>\n\n\n\n<p>Para esta primera fase se dispondr\u00e1 adem\u00e1s de una p\u00e1gina de reclamos y un call center para recibir reclamos y \u201cgarantizar el 100% de la gente que no quede nadie en un cant\u00f3n, en un caser\u00edo, en una colonia, en un barrio, en una comunidad, en un pasaje, sin su canasta alimenticia\u201d.<\/p>\n","protected":false},"excerpt":{"rendered":"<p>El Presidente de la Rep\u00fablica, Nayib Bukele, anunci\u00f3 ayer s\u00e1bado, una segunda entrega de paquetes alimentarios para 3.4 millones familias<\/p>\n","protected":false},"author":1,"featured_media":6387,"comment_status":"open","ping_status":"open","sticky":false,"template":"","format":"standard","meta":{"colormag_page_container_layout":"default_layout","colormag_page_sidebar_layout":"default_layout","footnotes":""},"categories":[1],"tags":[],"class_list":["post-6386","post","type-post","status-publish","format-standard","has-post-thumbnail","hentry","category-nacional"],"_links":{"self":[{"href":"https:\/\/elmetidosv.com\/index.php?rest_route=\/wp\/v2\/posts\/6386","targetHints":{"allow":["GET"]}}],"collection":[{"href":"https:\/\/elmetidosv.com\/index.php?rest_route=\/wp\/v2\/posts"}],"about":[{"href":"https:\/\/elmetidosv.com\/index.php?rest_route=\/wp\/v2\/types\/post"}],"author":[{"embeddable":true,"href":"https:\/\/elmetidosv.com\/index.php?rest_route=\/wp\/v2\/users\/1"}],"replies":[{"embeddable":true,"href":"https:\/\/elmetidosv.com\/index.php?rest_route=%2Fwp%2Fv2%2Fcomments&post=6386"}],"version-history":[{"count":1,"href":"https:\/\/elmetidosv.com\/index.php?rest_route=\/wp\/v2\/posts\/6386\/revisions"}],"predecessor-version":[{"id":6388,"href":"https:\/\/elmetidosv.com\/index.php?rest_route=\/wp\/v2\/posts\/6386\/revisions\/6388"}],"wp:featuredmedia":[{"embeddable":true,"href":"https:\/\/elmetidosv.com\/index.php?rest_route=\/wp\/v2\/media\/6387"}],"wp:attachment":[{"href":"https:\/\/elmetidosv.com\/index.php?rest_route=%2Fwp%2Fv2%2Fmedia&parent=6386"}],"wp:term":[{"taxonomy":"category","embeddable":true,"href":"https:\/\/elmetidosv.com\/index.php?rest_route=%2Fwp%2Fv2%2Fcategories&post=6386"},{"taxonomy":"post_tag","embeddable":true,"href":"https:\/\/elmetidosv.com\/index.php?rest_route=%2Fwp%2Fv2%2Ftags&post=6386"}],"curies":[{"name":"wp","href":"https:\/\/api.w.org\/{rel}","templated":true}]}}