{"id":6381,"date":"2020-07-20T14:28:13","date_gmt":"2020-07-20T20:28:13","guid":{"rendered":"http:\/\/elmetidosve.com\/?p=6381"},"modified":"2020-07-20T14:28:21","modified_gmt":"2020-07-20T20:28:21","slug":"en-las-ultimas-horas-mas-de-100-salvadorenos-lograron-recuperarse-de-coronavirus-covid-19","status":"publish","type":"post","link":"https:\/\/elmetidosv.com\/?p=6381","title":{"rendered":"En las ultimas horas m\u00e1s de 100 salvadore\u00f1os lograron recuperarse de coronavirus COVID-19"},"content":{"rendered":"\n<figure class=\"wp-block-image\"><img decoding=\"async\" src=\"https:\/\/pbs.twimg.com\/media\/EdWefPiXoAAlEJz?format=jpg&amp;name=small\" alt=\"Imagen\"\/><\/figure>\n\n\n\n<p>M\u00e1s de 100 salvadore\u00f1os lograron recuperarse de coronavirus COVID-19, en las \u00faltimas 24 horas, inform\u00f3 el Gobierno por medio del Ministerio de Salud.<\/p>\n\n\n\n<p>Seg\u00fan el reporte de las autoridades, fueron 126 salvadore\u00f1os los que lograron recuperarse de coronavirus en el \u00faltimo d\u00eda.<\/p>\n\n\n\n<p>Asimismo, se confirmaron 361nuevos casos positivos, elevando la cifra total en El Salvador a 12 mil 207 desde que se report\u00f3 el primer caso en el pa\u00eds.<\/p>\n\n\n\n<p>De acuerdo con Salud, tambi\u00e9n se reportaron nueve fallecidos m\u00e1s en el \u00faltimo d\u00eda, con lo que la cifra de decesos sube a 344.<\/p>\n\n\n\n<p><\/p>\n","protected":false},"excerpt":{"rendered":"<p>M\u00e1s de 100 salvadore\u00f1os lograron recuperarse de coronavirus COVID-19, en las \u00faltimas 24 horas, inform\u00f3 el Gobierno por medio del<\/p>\n","protected":false},"author":1,"featured_media":6376,"comment_status":"open","ping_status":"open","sticky":false,"template":"","format":"standard","meta":{"colormag_page_container_layout":"default_layout","colormag_page_sidebar_layout":"default_layout","footnotes":""},"categories":[1],"tags":[],"class_list":["post-6381","post","type-post","status-publish","format-standard","has-post-thumbnail","hentry","category-nacional"],"_links":{"self":[{"href":"https:\/\/elmetidosv.com\/index.php?rest_route=\/wp\/v2\/posts\/6381","targetHints":{"allow":["GET"]}}],"collection":[{"href":"https:\/\/elmetidosv.com\/index.php?rest_route=\/wp\/v2\/posts"}],"about":[{"href":"https:\/\/elmetidosv.com\/index.php?rest_route=\/wp\/v2\/types\/post"}],"author":[{"embeddable":true,"href":"https:\/\/elmetidosv.com\/index.php?rest_route=\/wp\/v2\/users\/1"}],"replies":[{"embeddable":true,"href":"https:\/\/elmetidosv.com\/index.php?rest_route=%2Fwp%2Fv2%2Fcomments&post=6381"}],"version-history":[{"count":1,"href":"https:\/\/elmetidosv.com\/index.php?rest_route=\/wp\/v2\/posts\/6381\/revisions"}],"predecessor-version":[{"id":6382,"href":"https:\/\/elmetidosv.com\/index.php?rest_route=\/wp\/v2\/posts\/6381\/revisions\/6382"}],"wp:featuredmedia":[{"embeddable":true,"href":"https:\/\/elmetidosv.com\/index.php?rest_route=\/wp\/v2\/media\/6376"}],"wp:attachment":[{"href":"https:\/\/elmetidosv.com\/index.php?rest_route=%2Fwp%2Fv2%2Fmedia&parent=6381"}],"wp:term":[{"taxonomy":"category","embeddable":true,"href":"https:\/\/elmetidosv.com\/index.php?rest_route=%2Fwp%2Fv2%2Fcategories&post=6381"},{"taxonomy":"post_tag","embeddable":true,"href":"https:\/\/elmetidosv.com\/index.php?rest_route=%2Fwp%2Fv2%2Ftags&post=6381"}],"curies":[{"name":"wp","href":"https:\/\/api.w.org\/{rel}","templated":true}]}}