{"id":6193,"date":"2020-07-15T13:45:16","date_gmt":"2020-07-15T19:45:16","guid":{"rendered":"http:\/\/elmetidosve.com\/?p=6193"},"modified":"2020-07-15T13:45:26","modified_gmt":"2020-07-15T19:45:26","slug":"fallece-por-covid-19-exalcalde-del-fmln-tomas-minero","status":"publish","type":"post","link":"https:\/\/elmetidosv.com\/?p=6193","title":{"rendered":"Fallece por COVID-19 exalcalde del FMLN Tom\u00e1s Minero"},"content":{"rendered":"\n<p>El exalcalde del Frente Farabundo Mart\u00ed para la Liberaci\u00f3n Nacional (FMLN) por Ciudad Delgado, Tom\u00e1s Minero, falleci\u00f3 en las \u00faltimas horas a causa del coronavirus COVID-19.<\/p>\n\n\n\n<p>Fuentes del partido de izquierda indicaron que el exfuncionario estaba en condiciones cr\u00edticas de salud a causa de COVID-19, enfermedad que finalmente le arrebat\u00f3 la vida.<\/p>\n\n\n\n<p>Hace dos d\u00edas, el exdiputado del FMLN y exalcalde del municipio de Mejicanos por el mismo partido, Roger Blandino Nerio, tambi\u00e9n falleci\u00f3  a causa de coronavirus.<\/p>\n\n\n\n<p>De acuerdo con reportes, Nerio permaneci\u00f3 en un centro m\u00e9dico hasta que perdi\u00f3 la vida en su batalla contra el coronavirus COVID-19.<\/p>\n\n\n\n<p>\u201cLamentamos la irreparable p\u00e9rdida del compa\u00f1ero Blandino Nerio, incansable luchador social, militante y dirigente de nuestro partido, estratega militar en la guerra, pol\u00edtico destacado en los tiempos de paz como diputado y alcalde. Compa\u00f1ero Jerem\u00edas, \u00a1hasta la victoria siempre! \u201c, lament\u00f3 el partido.<\/p>\n","protected":false},"excerpt":{"rendered":"<p>El exalcalde del Frente Farabundo Mart\u00ed para la Liberaci\u00f3n Nacional (FMLN) por Ciudad Delgado, Tom\u00e1s Minero, falleci\u00f3 en las \u00faltimas<\/p>\n","protected":false},"author":1,"featured_media":6194,"comment_status":"open","ping_status":"open","sticky":false,"template":"","format":"standard","meta":{"colormag_page_container_layout":"default_layout","colormag_page_sidebar_layout":"default_layout","footnotes":""},"categories":[1],"tags":[],"class_list":["post-6193","post","type-post","status-publish","format-standard","has-post-thumbnail","hentry","category-nacional"],"_links":{"self":[{"href":"https:\/\/elmetidosv.com\/index.php?rest_route=\/wp\/v2\/posts\/6193","targetHints":{"allow":["GET"]}}],"collection":[{"href":"https:\/\/elmetidosv.com\/index.php?rest_route=\/wp\/v2\/posts"}],"about":[{"href":"https:\/\/elmetidosv.com\/index.php?rest_route=\/wp\/v2\/types\/post"}],"author":[{"embeddable":true,"href":"https:\/\/elmetidosv.com\/index.php?rest_route=\/wp\/v2\/users\/1"}],"replies":[{"embeddable":true,"href":"https:\/\/elmetidosv.com\/index.php?rest_route=%2Fwp%2Fv2%2Fcomments&post=6193"}],"version-history":[{"count":1,"href":"https:\/\/elmetidosv.com\/index.php?rest_route=\/wp\/v2\/posts\/6193\/revisions"}],"predecessor-version":[{"id":6195,"href":"https:\/\/elmetidosv.com\/index.php?rest_route=\/wp\/v2\/posts\/6193\/revisions\/6195"}],"wp:featuredmedia":[{"embeddable":true,"href":"https:\/\/elmetidosv.com\/index.php?rest_route=\/wp\/v2\/media\/6194"}],"wp:attachment":[{"href":"https:\/\/elmetidosv.com\/index.php?rest_route=%2Fwp%2Fv2%2Fmedia&parent=6193"}],"wp:term":[{"taxonomy":"category","embeddable":true,"href":"https:\/\/elmetidosv.com\/index.php?rest_route=%2Fwp%2Fv2%2Fcategories&post=6193"},{"taxonomy":"post_tag","embeddable":true,"href":"https:\/\/elmetidosv.com\/index.php?rest_route=%2Fwp%2Fv2%2Ftags&post=6193"}],"curies":[{"name":"wp","href":"https:\/\/api.w.org\/{rel}","templated":true}]}}