{"id":6063,"date":"2020-07-12T13:15:01","date_gmt":"2020-07-12T19:15:01","guid":{"rendered":"http:\/\/elmetidosve.com\/?p=6063"},"modified":"2020-07-12T13:15:08","modified_gmt":"2020-07-12T19:15:08","slug":"se-reportan-283-nuevos-casos-de-covid-19-y-el-total-de-casos-confirmados-asciende-a-9674","status":"publish","type":"post","link":"https:\/\/elmetidosv.com\/?p=6063","title":{"rendered":"Se reportan 283 nuevos casos de Covid-19 y el total de casos confirmados asciende a 9,674"},"content":{"rendered":"\n<figure class=\"wp-block-image\"><img decoding=\"async\" src=\"https:\/\/pbs.twimg.com\/media\/EctbQ_nXgAEDF39?format=jpg&amp;name=small\" alt=\"Imagen\"\/><\/figure>\n\n\n\n<p>Este s\u00e1bado el Ministerio de Salud confirm\u00f3 que se detectaron 283 nuevos casos de Covid-19 en El Salvador, por lo que la cifra total de casos confirmados ascendi\u00f3 a 9,674.<\/p>\n\n\n\n<p>En cuanto a los nuevos casos, se reporta que 239 de estos son locales, mientras que los 44 restantes son importados, es decir, de salvadore\u00f1os que ingresaron recientemente al territorio luego de estar varados en otros pa\u00edses.<\/p>\n\n\n\n<p>En cuanto a los pacientes recuperados, se informa que solo el d\u00eda s\u00e1bado fueron dadas de alta 118 personas, sumando as\u00ed, 5,634 salvadore\u00f1os que superar la mortal enfermedad.<\/p>\n\n\n\n<p>Lamentablemente tambi\u00e9n se reportaron seis personas fallecidas; se trata de cuatro hombres, uno de ellos personal en primera l\u00ednea, entre las edades de 40 y 60 a\u00f1os. Mientras que dos mujeres entre 20 y 40 a\u00f1os, tambi\u00e9n se contabilizan entre las v\u00edctimas mortales.<\/p>\n\n\n\n<p>Hasta la fecha, en el pa\u00eds se ha realizado 192,206 pruebas de Covid-19, todas PCR, con un 99.99% de confiabilidad. De ah\u00ed que las cifras oficiales de contagios, como los fallecidos, dependen de las pruebas realizadas, asegura el presidente de la Rep\u00fablica, Nayib Bukele.<\/p>\n\n\n\n<p>\u201cEl n\u00famero real, se estima, es mucho mayor, en TODOS los pa\u00edses del mundo\u201d, enfatiz\u00f3 el mandatario salvadore\u00f1o.<\/p>\n","protected":false},"excerpt":{"rendered":"<p>Este s\u00e1bado el Ministerio de Salud confirm\u00f3 que se detectaron 283 nuevos casos de Covid-19 en El Salvador, por lo<\/p>\n","protected":false},"author":1,"featured_media":6064,"comment_status":"open","ping_status":"open","sticky":false,"template":"","format":"standard","meta":{"colormag_page_container_layout":"default_layout","colormag_page_sidebar_layout":"default_layout","footnotes":""},"categories":[1],"tags":[],"class_list":["post-6063","post","type-post","status-publish","format-standard","has-post-thumbnail","hentry","category-nacional"],"_links":{"self":[{"href":"https:\/\/elmetidosv.com\/index.php?rest_route=\/wp\/v2\/posts\/6063","targetHints":{"allow":["GET"]}}],"collection":[{"href":"https:\/\/elmetidosv.com\/index.php?rest_route=\/wp\/v2\/posts"}],"about":[{"href":"https:\/\/elmetidosv.com\/index.php?rest_route=\/wp\/v2\/types\/post"}],"author":[{"embeddable":true,"href":"https:\/\/elmetidosv.com\/index.php?rest_route=\/wp\/v2\/users\/1"}],"replies":[{"embeddable":true,"href":"https:\/\/elmetidosv.com\/index.php?rest_route=%2Fwp%2Fv2%2Fcomments&post=6063"}],"version-history":[{"count":1,"href":"https:\/\/elmetidosv.com\/index.php?rest_route=\/wp\/v2\/posts\/6063\/revisions"}],"predecessor-version":[{"id":6065,"href":"https:\/\/elmetidosv.com\/index.php?rest_route=\/wp\/v2\/posts\/6063\/revisions\/6065"}],"wp:featuredmedia":[{"embeddable":true,"href":"https:\/\/elmetidosv.com\/index.php?rest_route=\/wp\/v2\/media\/6064"}],"wp:attachment":[{"href":"https:\/\/elmetidosv.com\/index.php?rest_route=%2Fwp%2Fv2%2Fmedia&parent=6063"}],"wp:term":[{"taxonomy":"category","embeddable":true,"href":"https:\/\/elmetidosv.com\/index.php?rest_route=%2Fwp%2Fv2%2Fcategories&post=6063"},{"taxonomy":"post_tag","embeddable":true,"href":"https:\/\/elmetidosv.com\/index.php?rest_route=%2Fwp%2Fv2%2Ftags&post=6063"}],"curies":[{"name":"wp","href":"https:\/\/api.w.org\/{rel}","templated":true}]}}