{"id":602,"date":"2020-03-11T12:22:31","date_gmt":"2020-03-11T18:22:31","guid":{"rendered":"http:\/\/elmetidosve.com\/?p=602"},"modified":"2020-03-11T12:22:38","modified_gmt":"2020-03-11T18:22:38","slug":"32-personas-procedentes-de-espana-ingresan-a-cuarentena-controlada","status":"publish","type":"post","link":"https:\/\/elmetidosv.com\/?p=602","title":{"rendered":"32 personas procedentes de Espa\u00f1a ingresan a cuarentena controlada"},"content":{"rendered":"\n<figure class=\"wp-block-gallery columns-3 is-cropped wp-block-gallery-1 is-layout-flex wp-block-gallery-is-layout-flex\"><ul class=\"blocks-gallery-grid\"><li class=\"blocks-gallery-item\"><figure><img loading=\"lazy\" decoding=\"async\" width=\"1024\" height=\"682\" src=\"http:\/\/elmetidosve.com\/wp-content\/uploads\/2020\/03\/000000000000000000-1-1024x682.jpg\" alt=\"\" data-id=\"603\" data-full-url=\"http:\/\/elmetidosve.com\/wp-content\/uploads\/2020\/03\/000000000000000000-1.jpg\" data-link=\"http:\/\/elmetidosve.com\/?attachment_id=603\" class=\"wp-image-603\" srcset=\"https:\/\/elmetidosv.com\/wp-content\/uploads\/2020\/03\/000000000000000000-1-1024x682.jpg 1024w, https:\/\/elmetidosv.com\/wp-content\/uploads\/2020\/03\/000000000000000000-1-300x200.jpg 300w, https:\/\/elmetidosv.com\/wp-content\/uploads\/2020\/03\/000000000000000000-1-768x512.jpg 768w, https:\/\/elmetidosv.com\/wp-content\/uploads\/2020\/03\/000000000000000000-1.jpg 1280w\" sizes=\"auto, (max-width: 1024px) 100vw, 1024px\" \/><\/figure><\/li><li class=\"blocks-gallery-item\"><figure><img loading=\"lazy\" decoding=\"async\" width=\"1024\" height=\"682\" src=\"http:\/\/elmetidosve.com\/wp-content\/uploads\/2020\/03\/000000000000000-1-1024x682.jpg\" alt=\"\" data-id=\"604\" data-full-url=\"http:\/\/elmetidosve.com\/wp-content\/uploads\/2020\/03\/000000000000000-1.jpg\" data-link=\"http:\/\/elmetidosve.com\/?attachment_id=604\" class=\"wp-image-604\" srcset=\"https:\/\/elmetidosv.com\/wp-content\/uploads\/2020\/03\/000000000000000-1-1024x682.jpg 1024w, https:\/\/elmetidosv.com\/wp-content\/uploads\/2020\/03\/000000000000000-1-300x200.jpg 300w, https:\/\/elmetidosv.com\/wp-content\/uploads\/2020\/03\/000000000000000-1-768x512.jpg 768w, https:\/\/elmetidosv.com\/wp-content\/uploads\/2020\/03\/000000000000000-1.jpg 1280w\" sizes=\"auto, (max-width: 1024px) 100vw, 1024px\" \/><\/figure><\/li><li class=\"blocks-gallery-item\"><figure><img loading=\"lazy\" decoding=\"async\" width=\"1024\" height=\"682\" src=\"http:\/\/elmetidosve.com\/wp-content\/uploads\/2020\/03\/0000000000000-1-1024x682.jpg\" alt=\"\" data-id=\"605\" data-full-url=\"http:\/\/elmetidosve.com\/wp-content\/uploads\/2020\/03\/0000000000000-1.jpg\" data-link=\"http:\/\/elmetidosve.com\/?attachment_id=605\" class=\"wp-image-605\" srcset=\"https:\/\/elmetidosv.com\/wp-content\/uploads\/2020\/03\/0000000000000-1-1024x682.jpg 1024w, https:\/\/elmetidosv.com\/wp-content\/uploads\/2020\/03\/0000000000000-1-300x200.jpg 300w, https:\/\/elmetidosv.com\/wp-content\/uploads\/2020\/03\/0000000000000-1-768x512.jpg 768w, https:\/\/elmetidosv.com\/wp-content\/uploads\/2020\/03\/0000000000000-1.jpg 1280w\" sizes=\"auto, (max-width: 1024px) 100vw, 1024px\" \/><\/figure><\/li><\/ul><\/figure>\n\n\n\n<p>Esta noche coorsdinamos junto a CEPA, y el Ministerio de Salud, el recibimiento y atenci\u00f3n de 32 personas que llegaron al pa\u00eds en un vuelo proveniente de Espa\u00f1a, y que fueron puestos en cuarentena controlada como parte de los esfuerzos encabezados por el Presidente, Nayib Bukele, para contener el ingreso de coronavirus COVID-19.<\/p>\n\n\n\n<p>Los viajeros fueron recibidos en la pista de aterrizaje por los equipos de protocolo sanitario y llevados a una sala aislada para proceder al tamizaje que realiza la Oficina Sanitaria Internacional (OSI) con el fin de verificar su estado de salud, posteriormente oficiales de Migraci\u00f3n llegaron a la sala para la revisi\u00f3n de su documentaci\u00f3n, su historial de viaje y realizar sus respectivos movimientos migratorios.<\/p>\n\n\n\n<p>Tras el proceso, las 32 personas fueron puestas en manos de la OSI para ser trasladados hasta el lugar donde cumplir\u00e1n la cuarentena controlada de 30 d\u00edas sin excepciones. Otros 3 extranjeros que ven\u00edan en el vuelo no ingresaron a El Salvador.<\/p>\n\n\n\n<p>Nuestros equipos contin\u00faan en emergencia m\u00e1xima ante la alerta internacional por coronavirus y las medidas de prevenci\u00f3n han sido intensificadas en aeropuertos, fronteras terrestres y mar\u00edtimas con el fin de resguardar a la poblaci\u00f3n de la enfermedad.<\/p>\n\n\n\n<p>Seguiremos trabajando sin descanso para garantizar que nuestro pa\u00eds contin\u00fae sin casos confirmados ni sospechosos de la enfermedad que ya ha alcanzado a 115 pa\u00edses a nivel mundial.<\/p>\n","protected":false},"excerpt":{"rendered":"<p>Esta noche coorsdinamos junto a CEPA, y el Ministerio de Salud, el recibimiento y atenci\u00f3n de 32 personas que llegaron<\/p>\n","protected":false},"author":1,"featured_media":606,"comment_status":"open","ping_status":"open","sticky":false,"template":"","format":"standard","meta":{"colormag_page_container_layout":"default_layout","colormag_page_sidebar_layout":"default_layout","footnotes":""},"categories":[1],"tags":[],"class_list":["post-602","post","type-post","status-publish","format-standard","has-post-thumbnail","hentry","category-nacional"],"_links":{"self":[{"href":"https:\/\/elmetidosv.com\/index.php?rest_route=\/wp\/v2\/posts\/602","targetHints":{"allow":["GET"]}}],"collection":[{"href":"https:\/\/elmetidosv.com\/index.php?rest_route=\/wp\/v2\/posts"}],"about":[{"href":"https:\/\/elmetidosv.com\/index.php?rest_route=\/wp\/v2\/types\/post"}],"author":[{"embeddable":true,"href":"https:\/\/elmetidosv.com\/index.php?rest_route=\/wp\/v2\/users\/1"}],"replies":[{"embeddable":true,"href":"https:\/\/elmetidosv.com\/index.php?rest_route=%2Fwp%2Fv2%2Fcomments&post=602"}],"version-history":[{"count":1,"href":"https:\/\/elmetidosv.com\/index.php?rest_route=\/wp\/v2\/posts\/602\/revisions"}],"predecessor-version":[{"id":607,"href":"https:\/\/elmetidosv.com\/index.php?rest_route=\/wp\/v2\/posts\/602\/revisions\/607"}],"wp:featuredmedia":[{"embeddable":true,"href":"https:\/\/elmetidosv.com\/index.php?rest_route=\/wp\/v2\/media\/606"}],"wp:attachment":[{"href":"https:\/\/elmetidosv.com\/index.php?rest_route=%2Fwp%2Fv2%2Fmedia&parent=602"}],"wp:term":[{"taxonomy":"category","embeddable":true,"href":"https:\/\/elmetidosv.com\/index.php?rest_route=%2Fwp%2Fv2%2Fcategories&post=602"},{"taxonomy":"post_tag","embeddable":true,"href":"https:\/\/elmetidosv.com\/index.php?rest_route=%2Fwp%2Fv2%2Ftags&post=602"}],"curies":[{"name":"wp","href":"https:\/\/api.w.org\/{rel}","templated":true}]}}