{"id":5988,"date":"2020-07-10T13:19:09","date_gmt":"2020-07-10T19:19:09","guid":{"rendered":"http:\/\/elmetidosve.com\/?p=5988"},"modified":"2020-07-10T13:19:16","modified_gmt":"2020-07-10T19:19:16","slug":"aparatoso-accidente-en-la-carretera-de-oro-dejo-tres-lesionados","status":"publish","type":"post","link":"https:\/\/elmetidosv.com\/?p=5988","title":{"rendered":"Aparatoso accidente en la carretera de Oro dejo tres lesionados"},"content":{"rendered":"\n<figure class=\"wp-block-gallery columns-2 is-cropped wp-block-gallery-1 is-layout-flex wp-block-gallery-is-layout-flex\"><ul class=\"blocks-gallery-grid\"><li class=\"blocks-gallery-item\"><figure><img loading=\"lazy\" decoding=\"async\" width=\"1024\" height=\"768\" src=\"http:\/\/elmetidosve.com\/wp-content\/uploads\/2020\/07\/0000000000000000000000000000000000-94-1024x768.jpg\" alt=\"\" data-id=\"5989\" data-full-url=\"http:\/\/elmetidosve.com\/wp-content\/uploads\/2020\/07\/0000000000000000000000000000000000-94.jpg\" data-link=\"http:\/\/elmetidosve.com\/?attachment_id=5989\" class=\"wp-image-5989\" srcset=\"https:\/\/elmetidosv.com\/wp-content\/uploads\/2020\/07\/0000000000000000000000000000000000-94-1024x768.jpg 1024w, https:\/\/elmetidosv.com\/wp-content\/uploads\/2020\/07\/0000000000000000000000000000000000-94-300x225.jpg 300w, https:\/\/elmetidosv.com\/wp-content\/uploads\/2020\/07\/0000000000000000000000000000000000-94-768x576.jpg 768w, https:\/\/elmetidosv.com\/wp-content\/uploads\/2020\/07\/0000000000000000000000000000000000-94.jpg 1032w\" sizes=\"auto, (max-width: 1024px) 100vw, 1024px\" \/><\/figure><\/li><li class=\"blocks-gallery-item\"><figure><img loading=\"lazy\" decoding=\"async\" width=\"1024\" height=\"768\" src=\"http:\/\/elmetidosve.com\/wp-content\/uploads\/2020\/07\/0000000000000000000000000000000000-7-64-1024x768.jpg\" alt=\"\" data-id=\"5990\" data-full-url=\"http:\/\/elmetidosve.com\/wp-content\/uploads\/2020\/07\/0000000000000000000000000000000000-7-64.jpg\" data-link=\"http:\/\/elmetidosve.com\/?attachment_id=5990\" class=\"wp-image-5990\" srcset=\"https:\/\/elmetidosv.com\/wp-content\/uploads\/2020\/07\/0000000000000000000000000000000000-7-64-1024x768.jpg 1024w, https:\/\/elmetidosv.com\/wp-content\/uploads\/2020\/07\/0000000000000000000000000000000000-7-64-300x225.jpg 300w, https:\/\/elmetidosv.com\/wp-content\/uploads\/2020\/07\/0000000000000000000000000000000000-7-64-768x576.jpg 768w, https:\/\/elmetidosv.com\/wp-content\/uploads\/2020\/07\/0000000000000000000000000000000000-7-64.jpg 1280w\" sizes=\"auto, (max-width: 1024px) 100vw, 1024px\" \/><\/figure><\/li><\/ul><\/figure>\n\n\n\n<p>Tres persona resultaron gravemente lesionadas, la ma\u00f1ana de este viernes, luego de registrarse un aparatoso accidente de tr\u00e1nsito sobre el kil\u00f3metro 13 de la carretera de Oro, en la jurisdicci\u00f3n del municipio de Apopa.<\/p>\n\n\n\n<p>En el percance vial se vieron involucrados una rastra y un veh\u00edculo tipo sed\u00e1n, en el cual se transportaban las personas que resultaron con lesiones.<\/p>\n\n\n\n<p>De manera preliminar se conoce que el percance vial fue debido a fallas mec\u00e1nicas que sufri\u00f3 la rastra en el sistema de frenos, abonado a la lluvia que ca\u00eda en el sector en ese momento.<\/p>\n\n\n\n<p>Actualmente, las autoridades de la Polic\u00eda Nacional Civil (PNC) se encuentran investigando los hechos para deducir las responsabilidades. El tr\u00e1nsito vehicular en la zona ha sido totalmente detenido mientras se retira la rastra y el veh\u00edculo impactado de la carretera.<\/p>\n","protected":false},"excerpt":{"rendered":"<p>Tres persona resultaron gravemente lesionadas, la ma\u00f1ana de este viernes, luego de registrarse un aparatoso accidente de tr\u00e1nsito sobre el<\/p>\n","protected":false},"author":1,"featured_media":5990,"comment_status":"open","ping_status":"open","sticky":false,"template":"","format":"standard","meta":{"colormag_page_container_layout":"default_layout","colormag_page_sidebar_layout":"default_layout","footnotes":""},"categories":[1],"tags":[],"class_list":["post-5988","post","type-post","status-publish","format-standard","has-post-thumbnail","hentry","category-nacional"],"_links":{"self":[{"href":"https:\/\/elmetidosv.com\/index.php?rest_route=\/wp\/v2\/posts\/5988","targetHints":{"allow":["GET"]}}],"collection":[{"href":"https:\/\/elmetidosv.com\/index.php?rest_route=\/wp\/v2\/posts"}],"about":[{"href":"https:\/\/elmetidosv.com\/index.php?rest_route=\/wp\/v2\/types\/post"}],"author":[{"embeddable":true,"href":"https:\/\/elmetidosv.com\/index.php?rest_route=\/wp\/v2\/users\/1"}],"replies":[{"embeddable":true,"href":"https:\/\/elmetidosv.com\/index.php?rest_route=%2Fwp%2Fv2%2Fcomments&post=5988"}],"version-history":[{"count":1,"href":"https:\/\/elmetidosv.com\/index.php?rest_route=\/wp\/v2\/posts\/5988\/revisions"}],"predecessor-version":[{"id":5991,"href":"https:\/\/elmetidosv.com\/index.php?rest_route=\/wp\/v2\/posts\/5988\/revisions\/5991"}],"wp:featuredmedia":[{"embeddable":true,"href":"https:\/\/elmetidosv.com\/index.php?rest_route=\/wp\/v2\/media\/5990"}],"wp:attachment":[{"href":"https:\/\/elmetidosv.com\/index.php?rest_route=%2Fwp%2Fv2%2Fmedia&parent=5988"}],"wp:term":[{"taxonomy":"category","embeddable":true,"href":"https:\/\/elmetidosv.com\/index.php?rest_route=%2Fwp%2Fv2%2Fcategories&post=5988"},{"taxonomy":"post_tag","embeddable":true,"href":"https:\/\/elmetidosv.com\/index.php?rest_route=%2Fwp%2Fv2%2Ftags&post=5988"}],"curies":[{"name":"wp","href":"https:\/\/api.w.org\/{rel}","templated":true}]}}