{"id":5982,"date":"2020-07-10T13:06:12","date_gmt":"2020-07-10T19:06:12","guid":{"rendered":"http:\/\/elmetidosve.com\/?p=5982"},"modified":"2020-07-10T13:06:19","modified_gmt":"2020-07-10T19:06:19","slug":"pnc-captura-a-varios-pandilleros-en-cimas-de-san-bartolo","status":"publish","type":"post","link":"https:\/\/elmetidosv.com\/?p=5982","title":{"rendered":"PNC captura a varios pandilleros en Cimas de San Bartolo"},"content":{"rendered":"\n<p>Cinco pandilleros fueron capturados, la noche del jueves, en el departamento de San Salvador por agentes de la Polic\u00eda Nacional Civil (PNC).<\/p>\n\n\n\n<p>El procedimiento fue realizado en el pasaje 18 Sur, pol\u00edgono 17, de la urbanizaci\u00f3n Cimas de San Bartolo Dos, Cuarta Etapa.<\/p>\n\n\n\n<p>Se trata de Jos\u00e9 Alexander Ochoa Mej\u00eda, Edwin Ernesto Jorge Mart\u00ednez, H\u00e9ctor Alexander G\u00f3mez Menj\u00edvar, Edwin Enrique Cort\u00e9s Garc\u00eda y William Ulises Palacios Contreras.<\/p>\n\n\n\n<p>De acuerdo con el reporte, los pandilleros fueron arrestados por los cargos de agrupaciones il\u00edcitas y resistencia, durante un operativo realizado por efectivos de la delegaci\u00f3n de Soyapango.<\/p>\n","protected":false},"excerpt":{"rendered":"<p>Cinco pandilleros fueron capturados, la noche del jueves, en el departamento de San Salvador por agentes de la Polic\u00eda Nacional<\/p>\n","protected":false},"author":1,"featured_media":5983,"comment_status":"open","ping_status":"open","sticky":false,"template":"","format":"standard","meta":{"colormag_page_container_layout":"default_layout","colormag_page_sidebar_layout":"default_layout","footnotes":""},"categories":[1],"tags":[],"class_list":["post-5982","post","type-post","status-publish","format-standard","has-post-thumbnail","hentry","category-nacional"],"_links":{"self":[{"href":"https:\/\/elmetidosv.com\/index.php?rest_route=\/wp\/v2\/posts\/5982","targetHints":{"allow":["GET"]}}],"collection":[{"href":"https:\/\/elmetidosv.com\/index.php?rest_route=\/wp\/v2\/posts"}],"about":[{"href":"https:\/\/elmetidosv.com\/index.php?rest_route=\/wp\/v2\/types\/post"}],"author":[{"embeddable":true,"href":"https:\/\/elmetidosv.com\/index.php?rest_route=\/wp\/v2\/users\/1"}],"replies":[{"embeddable":true,"href":"https:\/\/elmetidosv.com\/index.php?rest_route=%2Fwp%2Fv2%2Fcomments&post=5982"}],"version-history":[{"count":1,"href":"https:\/\/elmetidosv.com\/index.php?rest_route=\/wp\/v2\/posts\/5982\/revisions"}],"predecessor-version":[{"id":5984,"href":"https:\/\/elmetidosv.com\/index.php?rest_route=\/wp\/v2\/posts\/5982\/revisions\/5984"}],"wp:featuredmedia":[{"embeddable":true,"href":"https:\/\/elmetidosv.com\/index.php?rest_route=\/wp\/v2\/media\/5983"}],"wp:attachment":[{"href":"https:\/\/elmetidosv.com\/index.php?rest_route=%2Fwp%2Fv2%2Fmedia&parent=5982"}],"wp:term":[{"taxonomy":"category","embeddable":true,"href":"https:\/\/elmetidosv.com\/index.php?rest_route=%2Fwp%2Fv2%2Fcategories&post=5982"},{"taxonomy":"post_tag","embeddable":true,"href":"https:\/\/elmetidosv.com\/index.php?rest_route=%2Fwp%2Fv2%2Ftags&post=5982"}],"curies":[{"name":"wp","href":"https:\/\/api.w.org\/{rel}","templated":true}]}}