{"id":5973,"date":"2020-07-09T19:06:54","date_gmt":"2020-07-10T01:06:54","guid":{"rendered":"http:\/\/elmetidosve.com\/?p=5973"},"modified":"2020-07-09T19:07:44","modified_gmt":"2020-07-10T01:07:44","slug":"rusia-presentara-manana-a-america-latina-su-medicamento-contra-el-covid-19","status":"publish","type":"post","link":"https:\/\/elmetidosv.com\/?p=5973","title":{"rendered":"Rusia presentar\u00e1 ma\u00f1ana a Am\u00e9rica Latina su medicamento contra el COVID-19"},"content":{"rendered":"\n<p>La Embajada de Rusia en Guatemala y el Fondo Ruso de Inversiones Directas celebrar\u00e1 el pr\u00f3ximo 10 de julio una presentaci\u00f3n del f\u00e1rmaco anticoronavirus ruso Avifavir para los pa\u00edses de Am\u00e9rica Latina y el Caribe.<\/p>\n\n\n\n<p>\u201cLa embajada, junto con las empresas Kromis y ChemRar y el Fondo Ruso de Inversiones Directas, que introdujeron en el mercado ruso el medicamento contra el coronavirus Avifavir, organizar\u00e1 su presentaci\u00f3n para los pa\u00edses de Am\u00e9rica Latina y el Caribe. Los representantes de todos los parlamentos supranacionales de la regi\u00f3n, las agencias y los comit\u00e9s especializados fueron invitados a participar en la conferencia\u201d, indicaron a Sputnik fuentes de la misi\u00f3n diplom\u00e1tica.<\/p>\n\n\n\n<p>Agregaron que hasta el momento unas 800 personas se inscribieron como participantes del evento, que se realizar\u00e1 en el formato de videoconferencia.<\/p>\n\n\n\n<p>\u201cSe prev\u00e9 una representaci\u00f3n ampliada de los pa\u00edses como Chile, Colombia y Bolivia, as\u00ed como del Parlamento Centroamericano, el Parlamento Andino, el Parlamento Latinoamericano y el Parlamento del Mercado Com\u00fan del Sur\u201d, precisaron.<\/p>\n\n\n\n<p>Las fuentes diplom\u00e1ticas conf\u00edan en que despu\u00e9s de la videoconferencia puedan comenzar las negociaciones para suministrar el medicamento ruso a los pa\u00edses de la regi\u00f3n.<\/p>\n\n\n\n<p>Avifavir fue aprobado por el Ministerio de Salud ruso a finales de mayo.<\/p>\n\n\n\n<p>El Ministerio de Industria y Comercio de Rusia ha recibido pedidos para el f\u00e1rmaco desde los pa\u00edses de la Comunidad de Estados Independientes, Am\u00e9rica Latina, Europa y el Sudeste Asi\u00e1tico. (Sputnik).<\/p>\n","protected":false},"excerpt":{"rendered":"<p>La Embajada de Rusia en Guatemala y el Fondo Ruso de Inversiones Directas celebrar\u00e1 el pr\u00f3ximo 10 de julio una<\/p>\n","protected":false},"author":1,"featured_media":5974,"comment_status":"open","ping_status":"open","sticky":false,"template":"","format":"standard","meta":{"colormag_page_container_layout":"default_layout","colormag_page_sidebar_layout":"default_layout","footnotes":""},"categories":[3],"tags":[],"class_list":["post-5973","post","type-post","status-publish","format-standard","has-post-thumbnail","hentry","category-internacional"],"_links":{"self":[{"href":"https:\/\/elmetidosv.com\/index.php?rest_route=\/wp\/v2\/posts\/5973","targetHints":{"allow":["GET"]}}],"collection":[{"href":"https:\/\/elmetidosv.com\/index.php?rest_route=\/wp\/v2\/posts"}],"about":[{"href":"https:\/\/elmetidosv.com\/index.php?rest_route=\/wp\/v2\/types\/post"}],"author":[{"embeddable":true,"href":"https:\/\/elmetidosv.com\/index.php?rest_route=\/wp\/v2\/users\/1"}],"replies":[{"embeddable":true,"href":"https:\/\/elmetidosv.com\/index.php?rest_route=%2Fwp%2Fv2%2Fcomments&post=5973"}],"version-history":[{"count":1,"href":"https:\/\/elmetidosv.com\/index.php?rest_route=\/wp\/v2\/posts\/5973\/revisions"}],"predecessor-version":[{"id":5975,"href":"https:\/\/elmetidosv.com\/index.php?rest_route=\/wp\/v2\/posts\/5973\/revisions\/5975"}],"wp:featuredmedia":[{"embeddable":true,"href":"https:\/\/elmetidosv.com\/index.php?rest_route=\/wp\/v2\/media\/5974"}],"wp:attachment":[{"href":"https:\/\/elmetidosv.com\/index.php?rest_route=%2Fwp%2Fv2%2Fmedia&parent=5973"}],"wp:term":[{"taxonomy":"category","embeddable":true,"href":"https:\/\/elmetidosv.com\/index.php?rest_route=%2Fwp%2Fv2%2Fcategories&post=5973"},{"taxonomy":"post_tag","embeddable":true,"href":"https:\/\/elmetidosv.com\/index.php?rest_route=%2Fwp%2Fv2%2Ftags&post=5973"}],"curies":[{"name":"wp","href":"https:\/\/api.w.org\/{rel}","templated":true}]}}