{"id":581,"date":"2020-03-10T19:28:36","date_gmt":"2020-03-11T01:28:36","guid":{"rendered":"http:\/\/elmetidosve.com\/?p=581"},"modified":"2020-03-10T19:28:43","modified_gmt":"2020-03-11T01:28:43","slug":"hombre-pierde-la-vida-en-extranas-circunstancias-en-plaza-de-san-salvador","status":"publish","type":"post","link":"https:\/\/elmetidosv.com\/?p=581","title":{"rendered":"Hombre pierde la vida en extra\u00f1as circunstancias en plaza de San Salvador"},"content":{"rendered":"\n<p>Un hombre perdi\u00f3 la vida durante la ma\u00f1ana de este martes en la plaza Moraz\u00e1n del centro de San Salvador, por circunstancias a\u00fan no determinadas por las autoridades.<\/p>\n\n\n\n<p>C\u00e1maras de videovigilancia grabaron el momento en que el hombre caminaba por la zona de los grader\u00edos de dicha plaza p\u00fablica, cuando se desplom\u00f3. Su cuerpo qued\u00f3 tirado ante la mirada de decenas de personas que circulaban por el lugar.<\/p>\n\n\n\n<p>De acuerdo con los primeros informes, el hombre estaba acompa\u00f1ado de dos personas, luego tom\u00f3 lo que parece ser un caf\u00e9 y posteriormente sufri\u00f3 un repentino fallecimiento.<\/p>\n\n\n\n<p>Equipos de socorro y personal policial se presentaron al lugar para verificar lo sucedido, pero ya encontraron sin vida a la v\u00edctima de quien no se ha proporcionado identidad.<\/p>\n\n\n\n<p>De momento se espera la llegada de la Fiscal\u00eda General de la Rep\u00fablica (FGR) y Medicina Legal para determinar la causa del deceso. Inicialmente se ha especulado que la bebida que consumi\u00f3 podr\u00eda tener sustancias letales.<br><\/p>\n","protected":false},"excerpt":{"rendered":"<p>Un hombre perdi\u00f3 la vida durante la ma\u00f1ana de este martes en la plaza Moraz\u00e1n del centro de San Salvador,<\/p>\n","protected":false},"author":1,"featured_media":582,"comment_status":"open","ping_status":"open","sticky":false,"template":"","format":"standard","meta":{"colormag_page_container_layout":"default_layout","colormag_page_sidebar_layout":"default_layout","footnotes":""},"categories":[1],"tags":[],"class_list":["post-581","post","type-post","status-publish","format-standard","has-post-thumbnail","hentry","category-nacional"],"_links":{"self":[{"href":"https:\/\/elmetidosv.com\/index.php?rest_route=\/wp\/v2\/posts\/581","targetHints":{"allow":["GET"]}}],"collection":[{"href":"https:\/\/elmetidosv.com\/index.php?rest_route=\/wp\/v2\/posts"}],"about":[{"href":"https:\/\/elmetidosv.com\/index.php?rest_route=\/wp\/v2\/types\/post"}],"author":[{"embeddable":true,"href":"https:\/\/elmetidosv.com\/index.php?rest_route=\/wp\/v2\/users\/1"}],"replies":[{"embeddable":true,"href":"https:\/\/elmetidosv.com\/index.php?rest_route=%2Fwp%2Fv2%2Fcomments&post=581"}],"version-history":[{"count":1,"href":"https:\/\/elmetidosv.com\/index.php?rest_route=\/wp\/v2\/posts\/581\/revisions"}],"predecessor-version":[{"id":583,"href":"https:\/\/elmetidosv.com\/index.php?rest_route=\/wp\/v2\/posts\/581\/revisions\/583"}],"wp:featuredmedia":[{"embeddable":true,"href":"https:\/\/elmetidosv.com\/index.php?rest_route=\/wp\/v2\/media\/582"}],"wp:attachment":[{"href":"https:\/\/elmetidosv.com\/index.php?rest_route=%2Fwp%2Fv2%2Fmedia&parent=581"}],"wp:term":[{"taxonomy":"category","embeddable":true,"href":"https:\/\/elmetidosv.com\/index.php?rest_route=%2Fwp%2Fv2%2Fcategories&post=581"},{"taxonomy":"post_tag","embeddable":true,"href":"https:\/\/elmetidosv.com\/index.php?rest_route=%2Fwp%2Fv2%2Ftags&post=581"}],"curies":[{"name":"wp","href":"https:\/\/api.w.org\/{rel}","templated":true}]}}