{"id":5765,"date":"2020-07-06T19:33:03","date_gmt":"2020-07-07T01:33:03","guid":{"rendered":"http:\/\/elmetidosve.com\/?p=5765"},"modified":"2020-07-06T19:33:11","modified_gmt":"2020-07-07T01:33:11","slug":"en-centro-de-contencion-19-adultos-mayores-vencen-el-covid-19","status":"publish","type":"post","link":"https:\/\/elmetidosv.com\/?p=5765","title":{"rendered":"En centro de contenci\u00f3n 19 adultos mayores vencen el COVID-19"},"content":{"rendered":"\n<p>Autoridades del Ministerio de Salud informaron sobre la recuperaci\u00f3n de 19 adultos mayores que este lunes fueron dados de alta del centro de contenci\u00f3n \u201cEugenia de Due\u00f1as\u201d, en San Salvador.<\/p>\n\n\n\n<p>Se trata de 10 hombres y 9 mujeres, entre las edades de 60 a 95 a\u00f1os, que recibieron cuidados en el Centro de Rehabilitaci\u00f3n de Ciegos y son despachados completamente sanos.<\/p>\n\n\n\n<p>\u201cLos esfuerzos y la atenci\u00f3n que ha brindado todo el equipo m\u00e9dico ha permitido lograr la recuperaci\u00f3n estos pacientes. Para nosotros, la mayor admiraci\u00f3n para todo el personal que lucha en primera l\u00ednea frente a la pandemia\u201d, afirm\u00f3 el ministro de Salud, Francisco Alabi.<\/p>\n\n\n\n<p>Por su parte, la Dra. Mirna Alfaro, encargada del centro de contenci\u00f3n sostuvo que \u201ceste d\u00eda, con el alta de estos 19 pacientes, damos por cerrado este centro de contenci\u00f3n, donde atendimos adultos mayores desde el pasado 26 de mayo\u201d.<\/p>\n\n\n\n<p>Para el cuidado de los adultos mayores, el Ministerio de Salud conform\u00f3 un equipo multidisciplinario de m\u00e9dicos y especialistas, para atender de forma integral a todos los pacientes.<\/p>\n","protected":false},"excerpt":{"rendered":"<p>Autoridades del Ministerio de Salud informaron sobre la recuperaci\u00f3n de 19 adultos mayores que este lunes fueron dados de alta<\/p>\n","protected":false},"author":1,"featured_media":5766,"comment_status":"open","ping_status":"open","sticky":false,"template":"","format":"standard","meta":{"colormag_page_container_layout":"default_layout","colormag_page_sidebar_layout":"default_layout","footnotes":""},"categories":[1],"tags":[],"class_list":["post-5765","post","type-post","status-publish","format-standard","has-post-thumbnail","hentry","category-nacional"],"_links":{"self":[{"href":"https:\/\/elmetidosv.com\/index.php?rest_route=\/wp\/v2\/posts\/5765","targetHints":{"allow":["GET"]}}],"collection":[{"href":"https:\/\/elmetidosv.com\/index.php?rest_route=\/wp\/v2\/posts"}],"about":[{"href":"https:\/\/elmetidosv.com\/index.php?rest_route=\/wp\/v2\/types\/post"}],"author":[{"embeddable":true,"href":"https:\/\/elmetidosv.com\/index.php?rest_route=\/wp\/v2\/users\/1"}],"replies":[{"embeddable":true,"href":"https:\/\/elmetidosv.com\/index.php?rest_route=%2Fwp%2Fv2%2Fcomments&post=5765"}],"version-history":[{"count":1,"href":"https:\/\/elmetidosv.com\/index.php?rest_route=\/wp\/v2\/posts\/5765\/revisions"}],"predecessor-version":[{"id":5767,"href":"https:\/\/elmetidosv.com\/index.php?rest_route=\/wp\/v2\/posts\/5765\/revisions\/5767"}],"wp:featuredmedia":[{"embeddable":true,"href":"https:\/\/elmetidosv.com\/index.php?rest_route=\/wp\/v2\/media\/5766"}],"wp:attachment":[{"href":"https:\/\/elmetidosv.com\/index.php?rest_route=%2Fwp%2Fv2%2Fmedia&parent=5765"}],"wp:term":[{"taxonomy":"category","embeddable":true,"href":"https:\/\/elmetidosv.com\/index.php?rest_route=%2Fwp%2Fv2%2Fcategories&post=5765"},{"taxonomy":"post_tag","embeddable":true,"href":"https:\/\/elmetidosv.com\/index.php?rest_route=%2Fwp%2Fv2%2Ftags&post=5765"}],"curies":[{"name":"wp","href":"https:\/\/api.w.org\/{rel}","templated":true}]}}