{"id":5755,"date":"2020-07-06T13:36:08","date_gmt":"2020-07-06T19:36:08","guid":{"rendered":"http:\/\/elmetidosve.com\/?p=5755"},"modified":"2020-07-06T13:36:15","modified_gmt":"2020-07-06T19:36:15","slug":"qatar-entrega-importante-donativo-de-insumos-para-proteger-al-personal-que-atiende-a-pacientes-con-covid-19","status":"publish","type":"post","link":"https:\/\/elmetidosv.com\/?p=5755","title":{"rendered":"Qatar entrega importante donativo de insumos para proteger al personal que atiende a pacientes con Covid-19"},"content":{"rendered":"\n<p>El Comisionado Luis Rodr\u00edguez, recibi\u00f3 en representaci\u00f3n del Gobierno del Presidente Nayib Bukele, equipo de protecci\u00f3n donado por el Estado de Qatar, el cual ser\u00e1 entregado al personal m\u00e9dico que enfrenta la batalla contra el COVID-19 en el pa\u00eds.<\/p>\n\n\n\n<p>La entrega oficial del donativo la realiz\u00f3 Taric Al Othman, encargado de negocios del Estado de Qatar en El Salvador. \u201cQuiero expresar mi respeto y admiraci\u00f3n a todo el personal de salud que est\u00e1 atendiendo la emergencia\u201d, dijo el diplom\u00e1tico durante la conferencia de prensa.<\/p>\n\n\n\n<p>Se trata de 24,300 unidades de equipo de protecci\u00f3n personal, entre los que se encuentran guantes, mascarillas KN95, caretas, term\u00f3metros y trajes de bioseguridad.<\/p>\n\n\n\n<p>Por su parte, el comisionado Rodr\u00edguez a gradeci\u00f3 en nombre de El Salvador y de todos los m\u00e9dicos y enfermeras por el aporte, ya que ser\u00e1 de gran ayuda para evitar que sean alcanzados por la mortal enfermedad.<\/p>\n\n\n\n<p>\u201cTodos los insumos, de una u otra manera, nos ayudar\u00e1n a proteger a nuestro personal de salud; es un ejemplo de la buena voluntad que tiene el Estado de Qatar y refuerza su amistad con El Salvador\u201d, expres\u00f3 Rodr\u00edguez, tras recibir el donativo.<\/p>\n\n\n\n<p>\u201cEl enfoque de este apoyo es ayudar a quienes est\u00e1n ayudando, dotando de todos los medios posibles a nuestros m\u00e9dicos y enfermeros para protegerlos a ellos y de cierta forma a los pacientes\u201d, concluy\u00f3 el funcionario.<\/p>\n","protected":false},"excerpt":{"rendered":"<p>El Comisionado Luis Rodr\u00edguez, recibi\u00f3 en representaci\u00f3n del Gobierno del Presidente Nayib Bukele, equipo de protecci\u00f3n donado por el Estado<\/p>\n","protected":false},"author":1,"featured_media":5756,"comment_status":"open","ping_status":"open","sticky":false,"template":"","format":"standard","meta":{"colormag_page_container_layout":"default_layout","colormag_page_sidebar_layout":"default_layout","footnotes":""},"categories":[1],"tags":[],"class_list":["post-5755","post","type-post","status-publish","format-standard","has-post-thumbnail","hentry","category-nacional"],"_links":{"self":[{"href":"https:\/\/elmetidosv.com\/index.php?rest_route=\/wp\/v2\/posts\/5755","targetHints":{"allow":["GET"]}}],"collection":[{"href":"https:\/\/elmetidosv.com\/index.php?rest_route=\/wp\/v2\/posts"}],"about":[{"href":"https:\/\/elmetidosv.com\/index.php?rest_route=\/wp\/v2\/types\/post"}],"author":[{"embeddable":true,"href":"https:\/\/elmetidosv.com\/index.php?rest_route=\/wp\/v2\/users\/1"}],"replies":[{"embeddable":true,"href":"https:\/\/elmetidosv.com\/index.php?rest_route=%2Fwp%2Fv2%2Fcomments&post=5755"}],"version-history":[{"count":1,"href":"https:\/\/elmetidosv.com\/index.php?rest_route=\/wp\/v2\/posts\/5755\/revisions"}],"predecessor-version":[{"id":5757,"href":"https:\/\/elmetidosv.com\/index.php?rest_route=\/wp\/v2\/posts\/5755\/revisions\/5757"}],"wp:featuredmedia":[{"embeddable":true,"href":"https:\/\/elmetidosv.com\/index.php?rest_route=\/wp\/v2\/media\/5756"}],"wp:attachment":[{"href":"https:\/\/elmetidosv.com\/index.php?rest_route=%2Fwp%2Fv2%2Fmedia&parent=5755"}],"wp:term":[{"taxonomy":"category","embeddable":true,"href":"https:\/\/elmetidosv.com\/index.php?rest_route=%2Fwp%2Fv2%2Fcategories&post=5755"},{"taxonomy":"post_tag","embeddable":true,"href":"https:\/\/elmetidosv.com\/index.php?rest_route=%2Fwp%2Fv2%2Ftags&post=5755"}],"curies":[{"name":"wp","href":"https:\/\/api.w.org\/{rel}","templated":true}]}}