{"id":5752,"date":"2020-07-06T13:30:38","date_gmt":"2020-07-06T19:30:38","guid":{"rendered":"http:\/\/elmetidosve.com\/?p=5752"},"modified":"2020-07-06T13:30:45","modified_gmt":"2020-07-06T19:30:45","slug":"en-sonsonate-joven-le-clava-el-cuchillo-por-la-espalda-a-su-companero-de-vida-y-queda-detenida","status":"publish","type":"post","link":"https:\/\/elmetidosv.com\/?p=5752","title":{"rendered":"En Sonsonate joven le clava el cuchillo por la espalda a su compa\u00f1ero de vida y queda detenida"},"content":{"rendered":"\n<p>Una mujer fue detenida en las \u00faltimas horas por agentes de la Polic\u00eda Nacional Civil (PNC) en Sonsonate luego de atacar con un cuchillo a su compa\u00f1ero de vida, de acuerdo con los reportes preliminares.<\/p>\n\n\n\n<p>El procedimiento fue desarrollado por la unidad de investigaci\u00f3n de la PNC, la cual captur\u00f3 a Katerine Michelle Hern\u00e1ndez Alvarado, de 24 a\u00f1os, quien es acusada de intento de homicidio en perjuicio del hombre.<\/p>\n\n\n\n<p>Seg\u00fan la versi\u00f3n policial, la mujer fue detenida en la urbanizaci\u00f3n Ciudad Palmeras, de la cabecera departamental de Sonsonate.<\/p>\n\n\n\n<p>Al parecer, la mujer atac\u00f3 con un cuchillo al hombre y lo lesion\u00f3 en la espalda, por lo cual, la v\u00edctima fue internada en el hospital Jorge Mazzini Villacorta.<\/p>\n\n\n\n<p>De momento no se ha establecido cu\u00e1l fue la raz\u00f3n de este ataque, aunque, se ha mencionado que pudo ser por problemas maritales.<\/p>\n","protected":false},"excerpt":{"rendered":"<p>Una mujer fue detenida en las \u00faltimas horas por agentes de la Polic\u00eda Nacional Civil (PNC) en Sonsonate luego de<\/p>\n","protected":false},"author":1,"featured_media":5753,"comment_status":"open","ping_status":"open","sticky":false,"template":"","format":"standard","meta":{"colormag_page_container_layout":"default_layout","colormag_page_sidebar_layout":"default_layout","footnotes":""},"categories":[1],"tags":[],"class_list":["post-5752","post","type-post","status-publish","format-standard","has-post-thumbnail","hentry","category-nacional"],"_links":{"self":[{"href":"https:\/\/elmetidosv.com\/index.php?rest_route=\/wp\/v2\/posts\/5752","targetHints":{"allow":["GET"]}}],"collection":[{"href":"https:\/\/elmetidosv.com\/index.php?rest_route=\/wp\/v2\/posts"}],"about":[{"href":"https:\/\/elmetidosv.com\/index.php?rest_route=\/wp\/v2\/types\/post"}],"author":[{"embeddable":true,"href":"https:\/\/elmetidosv.com\/index.php?rest_route=\/wp\/v2\/users\/1"}],"replies":[{"embeddable":true,"href":"https:\/\/elmetidosv.com\/index.php?rest_route=%2Fwp%2Fv2%2Fcomments&post=5752"}],"version-history":[{"count":1,"href":"https:\/\/elmetidosv.com\/index.php?rest_route=\/wp\/v2\/posts\/5752\/revisions"}],"predecessor-version":[{"id":5754,"href":"https:\/\/elmetidosv.com\/index.php?rest_route=\/wp\/v2\/posts\/5752\/revisions\/5754"}],"wp:featuredmedia":[{"embeddable":true,"href":"https:\/\/elmetidosv.com\/index.php?rest_route=\/wp\/v2\/media\/5753"}],"wp:attachment":[{"href":"https:\/\/elmetidosv.com\/index.php?rest_route=%2Fwp%2Fv2%2Fmedia&parent=5752"}],"wp:term":[{"taxonomy":"category","embeddable":true,"href":"https:\/\/elmetidosv.com\/index.php?rest_route=%2Fwp%2Fv2%2Fcategories&post=5752"},{"taxonomy":"post_tag","embeddable":true,"href":"https:\/\/elmetidosv.com\/index.php?rest_route=%2Fwp%2Fv2%2Ftags&post=5752"}],"curies":[{"name":"wp","href":"https:\/\/api.w.org\/{rel}","templated":true}]}}