{"id":5719,"date":"2020-07-05T19:38:56","date_gmt":"2020-07-06T01:38:56","guid":{"rendered":"http:\/\/elmetidosve.com\/?p=5719"},"modified":"2020-07-05T19:39:03","modified_gmt":"2020-07-06T01:39:03","slug":"ministro-de-gobernacion-mario-duran-confirmo-este-domingo-que-ha-dado-positivo-al-covid-19","status":"publish","type":"post","link":"https:\/\/elmetidosv.com\/?p=5719","title":{"rendered":"Ministro de Gobernaci\u00f3n, Mario Dur\u00e1n, confirm\u00f3 este domingo que ha dado positivo al COVID-19"},"content":{"rendered":"\n<p>El Ministro de Gobernaci\u00f3n, Mario Dur\u00e1n, confirm\u00f3 este domingo a trav\u00e9s de su cuenta oficial de Twitter, que luego de haberse realizado la prueba del COVID-19 ha dado positivo de dicha enfermedad.<\/p>\n\n\n\n<p>\u201cQuiero contarles que hace unos d\u00edas comenc\u00e9 a sentir s\u00edntomas de COVID-19. Desde entonces me aisl\u00e9 en casa y me confirmaron que, en efecto, fui alcanzado por la pandemia\u201d, expres\u00f3 el funcionario.<\/p>\n\n\n\n<p>Mario Dur\u00e1n ha sido uno de los muchos funcionarios del Gobierno del Presidente de la Rep\u00fablica, Nayib Bukele, que ha trabajado arduamente para realizar diferentes tareas territoriales que van encaminadas para beneficiar a los salvadore\u00f1os que actualmente luchan contra esta pandemia.<\/p>\n","protected":false},"excerpt":{"rendered":"<p>El Ministro de Gobernaci\u00f3n, Mario Dur\u00e1n, confirm\u00f3 este domingo a trav\u00e9s de su cuenta oficial de Twitter, que luego de<\/p>\n","protected":false},"author":1,"featured_media":5720,"comment_status":"open","ping_status":"open","sticky":false,"template":"","format":"standard","meta":{"colormag_page_container_layout":"default_layout","colormag_page_sidebar_layout":"default_layout","footnotes":""},"categories":[1],"tags":[],"class_list":["post-5719","post","type-post","status-publish","format-standard","has-post-thumbnail","hentry","category-nacional"],"_links":{"self":[{"href":"https:\/\/elmetidosv.com\/index.php?rest_route=\/wp\/v2\/posts\/5719","targetHints":{"allow":["GET"]}}],"collection":[{"href":"https:\/\/elmetidosv.com\/index.php?rest_route=\/wp\/v2\/posts"}],"about":[{"href":"https:\/\/elmetidosv.com\/index.php?rest_route=\/wp\/v2\/types\/post"}],"author":[{"embeddable":true,"href":"https:\/\/elmetidosv.com\/index.php?rest_route=\/wp\/v2\/users\/1"}],"replies":[{"embeddable":true,"href":"https:\/\/elmetidosv.com\/index.php?rest_route=%2Fwp%2Fv2%2Fcomments&post=5719"}],"version-history":[{"count":1,"href":"https:\/\/elmetidosv.com\/index.php?rest_route=\/wp\/v2\/posts\/5719\/revisions"}],"predecessor-version":[{"id":5721,"href":"https:\/\/elmetidosv.com\/index.php?rest_route=\/wp\/v2\/posts\/5719\/revisions\/5721"}],"wp:featuredmedia":[{"embeddable":true,"href":"https:\/\/elmetidosv.com\/index.php?rest_route=\/wp\/v2\/media\/5720"}],"wp:attachment":[{"href":"https:\/\/elmetidosv.com\/index.php?rest_route=%2Fwp%2Fv2%2Fmedia&parent=5719"}],"wp:term":[{"taxonomy":"category","embeddable":true,"href":"https:\/\/elmetidosv.com\/index.php?rest_route=%2Fwp%2Fv2%2Fcategories&post=5719"},{"taxonomy":"post_tag","embeddable":true,"href":"https:\/\/elmetidosv.com\/index.php?rest_route=%2Fwp%2Fv2%2Ftags&post=5719"}],"curies":[{"name":"wp","href":"https:\/\/api.w.org\/{rel}","templated":true}]}}