{"id":5684,"date":"2020-07-04T17:20:54","date_gmt":"2020-07-04T23:20:54","guid":{"rendered":"http:\/\/elmetidosve.com\/?p=5684"},"modified":"2020-07-04T17:21:00","modified_gmt":"2020-07-04T23:21:00","slug":"este-sabado-fatal-accidente-de-transito-cobra-la-vida-de-dos-conductores-en-carretera-litoral","status":"publish","type":"post","link":"https:\/\/elmetidosv.com\/?p=5684","title":{"rendered":"Este s\u00e1bado fatal accidente de tr\u00e1nsito cobra la vida de dos conductores en carretera Litoral"},"content":{"rendered":"\n<figure class=\"wp-block-gallery columns-2 is-cropped wp-block-gallery-1 is-layout-flex wp-block-gallery-is-layout-flex\"><ul class=\"blocks-gallery-grid\"><li class=\"blocks-gallery-item\"><figure><img loading=\"lazy\" decoding=\"async\" width=\"862\" height=\"577\" src=\"http:\/\/elmetidosve.com\/wp-content\/uploads\/2020\/07\/0000000000000000000000000000000000-34.jpg\" alt=\"\" data-id=\"5685\" data-full-url=\"http:\/\/elmetidosve.com\/wp-content\/uploads\/2020\/07\/0000000000000000000000000000000000-34.jpg\" data-link=\"http:\/\/elmetidosve.com\/?attachment_id=5685\" class=\"wp-image-5685\" srcset=\"https:\/\/elmetidosv.com\/wp-content\/uploads\/2020\/07\/0000000000000000000000000000000000-34.jpg 862w, https:\/\/elmetidosv.com\/wp-content\/uploads\/2020\/07\/0000000000000000000000000000000000-34-300x201.jpg 300w, https:\/\/elmetidosv.com\/wp-content\/uploads\/2020\/07\/0000000000000000000000000000000000-34-768x514.jpg 768w\" sizes=\"auto, (max-width: 862px) 100vw, 862px\" \/><\/figure><\/li><li class=\"blocks-gallery-item\"><figure><img loading=\"lazy\" decoding=\"async\" width=\"576\" height=\"1024\" src=\"http:\/\/elmetidosve.com\/wp-content\/uploads\/2020\/07\/0000000000000000000000000000000000-7-21-576x1024.jpg\" alt=\"\" data-id=\"5686\" data-full-url=\"http:\/\/elmetidosve.com\/wp-content\/uploads\/2020\/07\/0000000000000000000000000000000000-7-21.jpg\" data-link=\"http:\/\/elmetidosve.com\/?attachment_id=5686\" class=\"wp-image-5686\" srcset=\"https:\/\/elmetidosv.com\/wp-content\/uploads\/2020\/07\/0000000000000000000000000000000000-7-21-576x1024.jpg 576w, https:\/\/elmetidosv.com\/wp-content\/uploads\/2020\/07\/0000000000000000000000000000000000-7-21-169x300.jpg 169w, https:\/\/elmetidosv.com\/wp-content\/uploads\/2020\/07\/0000000000000000000000000000000000-7-21.jpg 720w\" sizes=\"auto, (max-width: 576px) 100vw, 576px\" \/><\/figure><\/li><\/ul><\/figure>\n\n\n\n<p>Un fatal accidente de tr\u00e1nsito cobro la vida de dos personas, el mediod\u00eda de este viernes en la carretera Litoral, sobre la jurisdicci\u00f3n del cant\u00f3n Tierra Blanca del Departamento de Usulut\u00e1n, detalla el Cuerpo de Bomberos de El Salvador.<\/p>\n\n\n\n<p>De acuerdo a los datos que proporcionan esta entidad de socorro, los ahora fallecidos corresponden a dos hombres, cuyas edades oscilan entre los 35 a 80 a\u00f1os de edad y quienes conduc\u00edan ambos veh\u00edculos al momento de impactar frontalmente.<\/p>\n\n\n\n<p>Asimismo, las autoridades afirman que producto del percance vial dos personas m\u00e1s resultaron lesionadas y quienes fueron trasladadas a un centro asistencial, del cual a\u00fan se desconoce.<\/p>\n\n\n\n<p>Adem\u00e1s, las placas de los veh\u00edculos involucrados corresponden al pick up color rojo P553-335 y del automotor color blanco P286-398, los cuales quedaron destruidos tras el fuerte impacto.<\/p>\n\n\n\n<p>Hasta el momento la Polic\u00eda Nacional Civil (PNC) se encuentra inspeccionando la escena para determinar las causas principales del fatal accidente, as\u00ed como se espera a que el personal del Instituto de Medicina Legal (IML) realicen los reconocimientos de los cad\u00e1veres, que a\u00fan no se han identificado.<\/p>\n\n\n\n<p><\/p>\n","protected":false},"excerpt":{"rendered":"<p>Un fatal accidente de tr\u00e1nsito cobro la vida de dos personas, el mediod\u00eda de este viernes en la carretera Litoral,<\/p>\n","protected":false},"author":1,"featured_media":5686,"comment_status":"open","ping_status":"open","sticky":false,"template":"","format":"standard","meta":{"colormag_page_container_layout":"default_layout","colormag_page_sidebar_layout":"default_layout","footnotes":""},"categories":[1],"tags":[],"class_list":["post-5684","post","type-post","status-publish","format-standard","has-post-thumbnail","hentry","category-nacional"],"_links":{"self":[{"href":"https:\/\/elmetidosv.com\/index.php?rest_route=\/wp\/v2\/posts\/5684","targetHints":{"allow":["GET"]}}],"collection":[{"href":"https:\/\/elmetidosv.com\/index.php?rest_route=\/wp\/v2\/posts"}],"about":[{"href":"https:\/\/elmetidosv.com\/index.php?rest_route=\/wp\/v2\/types\/post"}],"author":[{"embeddable":true,"href":"https:\/\/elmetidosv.com\/index.php?rest_route=\/wp\/v2\/users\/1"}],"replies":[{"embeddable":true,"href":"https:\/\/elmetidosv.com\/index.php?rest_route=%2Fwp%2Fv2%2Fcomments&post=5684"}],"version-history":[{"count":1,"href":"https:\/\/elmetidosv.com\/index.php?rest_route=\/wp\/v2\/posts\/5684\/revisions"}],"predecessor-version":[{"id":5687,"href":"https:\/\/elmetidosv.com\/index.php?rest_route=\/wp\/v2\/posts\/5684\/revisions\/5687"}],"wp:featuredmedia":[{"embeddable":true,"href":"https:\/\/elmetidosv.com\/index.php?rest_route=\/wp\/v2\/media\/5686"}],"wp:attachment":[{"href":"https:\/\/elmetidosv.com\/index.php?rest_route=%2Fwp%2Fv2%2Fmedia&parent=5684"}],"wp:term":[{"taxonomy":"category","embeddable":true,"href":"https:\/\/elmetidosv.com\/index.php?rest_route=%2Fwp%2Fv2%2Fcategories&post=5684"},{"taxonomy":"post_tag","embeddable":true,"href":"https:\/\/elmetidosv.com\/index.php?rest_route=%2Fwp%2Fv2%2Ftags&post=5684"}],"curies":[{"name":"wp","href":"https:\/\/api.w.org\/{rel}","templated":true}]}}