{"id":5647,"date":"2020-07-03T18:42:54","date_gmt":"2020-07-04T00:42:54","guid":{"rendered":"http:\/\/elmetidosve.com\/?p=5647"},"modified":"2020-07-03T18:43:01","modified_gmt":"2020-07-04T00:43:01","slug":"en-el-hospital-san-rafael-cuatro-pacientes-mas-vencen-al-covid-19-y-reciben-el-alta","status":"publish","type":"post","link":"https:\/\/elmetidosv.com\/?p=5647","title":{"rendered":"En el Hospital San Rafael cuatro pacientes m\u00e1s vencen al COVID-19 y reciben el alta"},"content":{"rendered":"\n<figure class=\"wp-block-gallery columns-3 is-cropped wp-block-gallery-1 is-layout-flex wp-block-gallery-is-layout-flex\"><ul class=\"blocks-gallery-grid\"><li class=\"blocks-gallery-item\"><figure><img loading=\"lazy\" decoding=\"async\" width=\"680\" height=\"450\" src=\"http:\/\/elmetidosve.com\/wp-content\/uploads\/2020\/07\/0000000000000000000000000000000000-27.jpg\" alt=\"\" data-id=\"5648\" data-full-url=\"http:\/\/elmetidosve.com\/wp-content\/uploads\/2020\/07\/0000000000000000000000000000000000-27.jpg\" data-link=\"http:\/\/elmetidosve.com\/?attachment_id=5648\" class=\"wp-image-5648\" srcset=\"https:\/\/elmetidosv.com\/wp-content\/uploads\/2020\/07\/0000000000000000000000000000000000-27.jpg 680w, https:\/\/elmetidosv.com\/wp-content\/uploads\/2020\/07\/0000000000000000000000000000000000-27-300x199.jpg 300w\" sizes=\"auto, (max-width: 680px) 100vw, 680px\" \/><\/figure><\/li><li class=\"blocks-gallery-item\"><figure><img loading=\"lazy\" decoding=\"async\" width=\"360\" height=\"238\" src=\"http:\/\/elmetidosve.com\/wp-content\/uploads\/2020\/07\/0000000000000000000000000000000000-7-14.jpg\" alt=\"\" data-id=\"5649\" data-full-url=\"http:\/\/elmetidosve.com\/wp-content\/uploads\/2020\/07\/0000000000000000000000000000000000-7-14.jpg\" data-link=\"http:\/\/elmetidosve.com\/?attachment_id=5649\" class=\"wp-image-5649\" srcset=\"https:\/\/elmetidosv.com\/wp-content\/uploads\/2020\/07\/0000000000000000000000000000000000-7-14.jpg 360w, https:\/\/elmetidosv.com\/wp-content\/uploads\/2020\/07\/0000000000000000000000000000000000-7-14-300x198.jpg 300w\" sizes=\"auto, (max-width: 360px) 100vw, 360px\" \/><\/figure><\/li><li class=\"blocks-gallery-item\"><figure><img loading=\"lazy\" decoding=\"async\" width=\"360\" height=\"238\" src=\"http:\/\/elmetidosve.com\/wp-content\/uploads\/2020\/07\/000000000000000000-15.jpg\" alt=\"\" data-id=\"5650\" data-full-url=\"http:\/\/elmetidosve.com\/wp-content\/uploads\/2020\/07\/000000000000000000-15.jpg\" data-link=\"http:\/\/elmetidosve.com\/?attachment_id=5650\" class=\"wp-image-5650\" srcset=\"https:\/\/elmetidosv.com\/wp-content\/uploads\/2020\/07\/000000000000000000-15.jpg 360w, https:\/\/elmetidosv.com\/wp-content\/uploads\/2020\/07\/000000000000000000-15-300x198.jpg 300w\" sizes=\"auto, (max-width: 360px) 100vw, 360px\" \/><\/figure><\/li><\/ul><\/figure>\n\n\n\n<p>Gracias al incansable trabajo del personal m\u00e9dico, cuatro pacientes m\u00e1s lograron vencer al COVID-19 y este viernes recibieron el alta m\u00e9dica en el Hospital Nacional San Rafael de Santa Tecla.<\/p>\n\n\n\n<p>De acuerdo con las autoridades de Salud, a los pacientes se les aplic\u00f3 todo el protocolo de atenci\u00f3n m\u00e9dica y despu\u00e9s de varios d\u00edas de luchar contra el virus, hoy regresan a sus hogares donde deber\u00e1n cumplir una estricta cuarentena domiciliar vigilada.<\/p>\n\n\n\n<p>Los nuevos recuperados son dos hombres y dos mujeres que oscilan entre los 55 a 69 a\u00f1os de edad. Todos presentaron s\u00edntomas de car\u00e1cter respiratorio.<\/p>\n\n\n\n<p>De acuerdo con las autoridades del Ministerio de Salud, hasta este viernes en el Hospital San Rafael se han recuperado 286 personas de COVID-19. Esta cifra mantiene optimista al personal de Salud y a los pacientes que se encuentran luchando contra la enfermedad.<\/p>\n\n\n\n<p>\u201cEstamos  dando el 100% de nuestro esfuerzo para atender a nuestros pacientes con COVID-19\u201d, explic\u00f3 el jefe de residentes del hospital, Carlos El\u00edas.<\/p>\n\n\n\n<p>Hasta este viernes, en El Salvador se registran 7,267 casos confirmados, de los cuales 2,797 se encuentran activos. Adem\u00e1s, se reportan el fallecimiento de 202 salvadore\u00f1os a causa del virus. <\/p>\n","protected":false},"excerpt":{"rendered":"<p>Gracias al incansable trabajo del personal m\u00e9dico, cuatro pacientes m\u00e1s lograron vencer al COVID-19 y este viernes recibieron el alta<\/p>\n","protected":false},"author":1,"featured_media":5650,"comment_status":"open","ping_status":"open","sticky":false,"template":"","format":"standard","meta":{"colormag_page_container_layout":"default_layout","colormag_page_sidebar_layout":"default_layout","footnotes":""},"categories":[1],"tags":[],"class_list":["post-5647","post","type-post","status-publish","format-standard","has-post-thumbnail","hentry","category-nacional"],"_links":{"self":[{"href":"https:\/\/elmetidosv.com\/index.php?rest_route=\/wp\/v2\/posts\/5647","targetHints":{"allow":["GET"]}}],"collection":[{"href":"https:\/\/elmetidosv.com\/index.php?rest_route=\/wp\/v2\/posts"}],"about":[{"href":"https:\/\/elmetidosv.com\/index.php?rest_route=\/wp\/v2\/types\/post"}],"author":[{"embeddable":true,"href":"https:\/\/elmetidosv.com\/index.php?rest_route=\/wp\/v2\/users\/1"}],"replies":[{"embeddable":true,"href":"https:\/\/elmetidosv.com\/index.php?rest_route=%2Fwp%2Fv2%2Fcomments&post=5647"}],"version-history":[{"count":1,"href":"https:\/\/elmetidosv.com\/index.php?rest_route=\/wp\/v2\/posts\/5647\/revisions"}],"predecessor-version":[{"id":5651,"href":"https:\/\/elmetidosv.com\/index.php?rest_route=\/wp\/v2\/posts\/5647\/revisions\/5651"}],"wp:featuredmedia":[{"embeddable":true,"href":"https:\/\/elmetidosv.com\/index.php?rest_route=\/wp\/v2\/media\/5650"}],"wp:attachment":[{"href":"https:\/\/elmetidosv.com\/index.php?rest_route=%2Fwp%2Fv2%2Fmedia&parent=5647"}],"wp:term":[{"taxonomy":"category","embeddable":true,"href":"https:\/\/elmetidosv.com\/index.php?rest_route=%2Fwp%2Fv2%2Fcategories&post=5647"},{"taxonomy":"post_tag","embeddable":true,"href":"https:\/\/elmetidosv.com\/index.php?rest_route=%2Fwp%2Fv2%2Ftags&post=5647"}],"curies":[{"name":"wp","href":"https:\/\/api.w.org\/{rel}","templated":true}]}}