{"id":5642,"date":"2020-07-03T13:33:00","date_gmt":"2020-07-03T19:33:00","guid":{"rendered":"http:\/\/elmetidosve.com\/?p=5642"},"modified":"2020-07-03T13:33:07","modified_gmt":"2020-07-03T19:33:07","slug":"ordenan-cierre-de-centro-historico-de-san-miguel","status":"publish","type":"post","link":"https:\/\/elmetidosv.com\/?p=5642","title":{"rendered":"Ordenan cierre de centro hist\u00f3rico de San Miguel"},"content":{"rendered":"\n<figure class=\"wp-block-gallery columns-2 is-cropped wp-block-gallery-1 is-layout-flex wp-block-gallery-is-layout-flex\"><ul class=\"blocks-gallery-grid\"><li class=\"blocks-gallery-item\"><figure><img loading=\"lazy\" decoding=\"async\" width=\"1024\" height=\"682\" src=\"http:\/\/elmetidosve.com\/wp-content\/uploads\/2020\/07\/0000000000000000000000000000000000-26-1024x682.jpg\" alt=\"\" data-id=\"5643\" data-full-url=\"http:\/\/elmetidosve.com\/wp-content\/uploads\/2020\/07\/0000000000000000000000000000000000-26.jpg\" data-link=\"http:\/\/elmetidosve.com\/?attachment_id=5643\" class=\"wp-image-5643\" srcset=\"https:\/\/elmetidosv.com\/wp-content\/uploads\/2020\/07\/0000000000000000000000000000000000-26-1024x682.jpg 1024w, https:\/\/elmetidosv.com\/wp-content\/uploads\/2020\/07\/0000000000000000000000000000000000-26-300x200.jpg 300w, https:\/\/elmetidosv.com\/wp-content\/uploads\/2020\/07\/0000000000000000000000000000000000-26-768x512.jpg 768w, https:\/\/elmetidosv.com\/wp-content\/uploads\/2020\/07\/0000000000000000000000000000000000-26.jpg 1280w\" sizes=\"auto, (max-width: 1024px) 100vw, 1024px\" \/><\/figure><\/li><li class=\"blocks-gallery-item\"><figure><img loading=\"lazy\" decoding=\"async\" width=\"1024\" height=\"682\" src=\"http:\/\/elmetidosve.com\/wp-content\/uploads\/2020\/07\/0000000000000000000000000000000000-7-13-1024x682.jpg\" alt=\"\" data-id=\"5644\" data-full-url=\"http:\/\/elmetidosve.com\/wp-content\/uploads\/2020\/07\/0000000000000000000000000000000000-7-13.jpg\" data-link=\"http:\/\/elmetidosve.com\/?attachment_id=5644\" class=\"wp-image-5644\" srcset=\"https:\/\/elmetidosv.com\/wp-content\/uploads\/2020\/07\/0000000000000000000000000000000000-7-13-1024x682.jpg 1024w, https:\/\/elmetidosv.com\/wp-content\/uploads\/2020\/07\/0000000000000000000000000000000000-7-13-300x200.jpg 300w, https:\/\/elmetidosv.com\/wp-content\/uploads\/2020\/07\/0000000000000000000000000000000000-7-13-768x512.jpg 768w, https:\/\/elmetidosv.com\/wp-content\/uploads\/2020\/07\/0000000000000000000000000000000000-7-13.jpg 1280w\" sizes=\"auto, (max-width: 1024px) 100vw, 1024px\" \/><\/figure><\/li><\/ul><\/figure>\n\n\n\n<p>Autoridades municipales de San Miguel, a 138 kil\u00f3metros al oriente de San Salvador, ordenaron este viernes el cierre del Centro Hist\u00f3rico de esa ciudad, para contener la propagaci\u00f3n del Covid-19.<\/p>\n\n\n\n<p>\u00abEstas medidas buscan salvarle la vida a los miguele\u00f1os\u00bb, asegur\u00f3 el Alcalde de ese municipio, Miguel Pereira, en rueda de prensa.<\/p>\n\n\n\n<p>\u00abLlevamos 4 meses conduciendo una emergencia que ya nos cobr\u00f3 vidas en la ciudad de San Miguel\u00bb, dijo el funcionario.<\/p>\n\n\n\n<p>El edil anunci\u00f3 que el principal mercado, situado en el coraz\u00f3n de la ciudad, ser\u00e1 clausurado el s\u00e1bado, a partir de las 2 de la tarde.<\/p>\n\n\n\n<p>Pereira tambi\u00e9n revel\u00f3 que pedir\u00e1 al congreso autorizaci\u00f3n para realizar un \u00abcierre total del municipio\u00bb.<\/p>\n\n\n\n<p>\u00abVoy a acudir a la Asamblea (Legislativa), para que me autorice el cierre total del municipio, sin entradas, ni salidas, por un per\u00edodo de 7 d\u00edas\u00bb, adelant\u00f3 el funcionario.<\/p>\n","protected":false},"excerpt":{"rendered":"<p>Autoridades municipales de San Miguel, a 138 kil\u00f3metros al oriente de San Salvador, ordenaron este viernes el cierre del Centro<\/p>\n","protected":false},"author":1,"featured_media":5643,"comment_status":"open","ping_status":"open","sticky":false,"template":"","format":"standard","meta":{"colormag_page_container_layout":"default_layout","colormag_page_sidebar_layout":"default_layout","footnotes":""},"categories":[1],"tags":[],"class_list":["post-5642","post","type-post","status-publish","format-standard","has-post-thumbnail","hentry","category-nacional"],"_links":{"self":[{"href":"https:\/\/elmetidosv.com\/index.php?rest_route=\/wp\/v2\/posts\/5642","targetHints":{"allow":["GET"]}}],"collection":[{"href":"https:\/\/elmetidosv.com\/index.php?rest_route=\/wp\/v2\/posts"}],"about":[{"href":"https:\/\/elmetidosv.com\/index.php?rest_route=\/wp\/v2\/types\/post"}],"author":[{"embeddable":true,"href":"https:\/\/elmetidosv.com\/index.php?rest_route=\/wp\/v2\/users\/1"}],"replies":[{"embeddable":true,"href":"https:\/\/elmetidosv.com\/index.php?rest_route=%2Fwp%2Fv2%2Fcomments&post=5642"}],"version-history":[{"count":1,"href":"https:\/\/elmetidosv.com\/index.php?rest_route=\/wp\/v2\/posts\/5642\/revisions"}],"predecessor-version":[{"id":5645,"href":"https:\/\/elmetidosv.com\/index.php?rest_route=\/wp\/v2\/posts\/5642\/revisions\/5645"}],"wp:featuredmedia":[{"embeddable":true,"href":"https:\/\/elmetidosv.com\/index.php?rest_route=\/wp\/v2\/media\/5643"}],"wp:attachment":[{"href":"https:\/\/elmetidosv.com\/index.php?rest_route=%2Fwp%2Fv2%2Fmedia&parent=5642"}],"wp:term":[{"taxonomy":"category","embeddable":true,"href":"https:\/\/elmetidosv.com\/index.php?rest_route=%2Fwp%2Fv2%2Fcategories&post=5642"},{"taxonomy":"post_tag","embeddable":true,"href":"https:\/\/elmetidosv.com\/index.php?rest_route=%2Fwp%2Fv2%2Ftags&post=5642"}],"curies":[{"name":"wp","href":"https:\/\/api.w.org\/{rel}","templated":true}]}}