{"id":5636,"date":"2020-07-03T13:30:05","date_gmt":"2020-07-03T19:30:05","guid":{"rendered":"http:\/\/elmetidosve.com\/?p=5636"},"modified":"2020-07-03T13:30:11","modified_gmt":"2020-07-03T19:30:11","slug":"autoridades-reciben-a-salvadorenos-que-se-encontraban-varados-en-costa-rica","status":"publish","type":"post","link":"https:\/\/elmetidosv.com\/?p=5636","title":{"rendered":"Autoridades reciben a salvadore\u00f1os que se encontraban varados en Costa Rica"},"content":{"rendered":"\n<figure class=\"wp-block-gallery columns-3 is-cropped wp-block-gallery-1 is-layout-flex wp-block-gallery-is-layout-flex\"><ul class=\"blocks-gallery-grid\"><li class=\"blocks-gallery-item\"><figure><img loading=\"lazy\" decoding=\"async\" width=\"360\" height=\"240\" src=\"http:\/\/elmetidosve.com\/wp-content\/uploads\/2020\/07\/0000000000000000000000000000000000-25.jpg\" alt=\"\" data-id=\"5637\" data-full-url=\"http:\/\/elmetidosve.com\/wp-content\/uploads\/2020\/07\/0000000000000000000000000000000000-25.jpg\" data-link=\"http:\/\/elmetidosve.com\/?attachment_id=5637\" class=\"wp-image-5637\" srcset=\"https:\/\/elmetidosv.com\/wp-content\/uploads\/2020\/07\/0000000000000000000000000000000000-25.jpg 360w, https:\/\/elmetidosv.com\/wp-content\/uploads\/2020\/07\/0000000000000000000000000000000000-25-300x200.jpg 300w\" sizes=\"auto, (max-width: 360px) 100vw, 360px\" \/><\/figure><\/li><li class=\"blocks-gallery-item\"><figure><img loading=\"lazy\" decoding=\"async\" width=\"360\" height=\"240\" src=\"http:\/\/elmetidosve.com\/wp-content\/uploads\/2020\/07\/0000000000000000000000000000000000-7-12.jpg\" alt=\"\" data-id=\"5638\" data-full-url=\"http:\/\/elmetidosve.com\/wp-content\/uploads\/2020\/07\/0000000000000000000000000000000000-7-12.jpg\" data-link=\"http:\/\/elmetidosve.com\/?attachment_id=5638\" class=\"wp-image-5638\" srcset=\"https:\/\/elmetidosv.com\/wp-content\/uploads\/2020\/07\/0000000000000000000000000000000000-7-12.jpg 360w, https:\/\/elmetidosv.com\/wp-content\/uploads\/2020\/07\/0000000000000000000000000000000000-7-12-300x200.jpg 300w\" sizes=\"auto, (max-width: 360px) 100vw, 360px\" \/><\/figure><\/li><li class=\"blocks-gallery-item\"><figure><img loading=\"lazy\" decoding=\"async\" width=\"360\" height=\"360\" src=\"http:\/\/elmetidosve.com\/wp-content\/uploads\/2020\/07\/000000000000000000-14.jpg\" alt=\"\" data-id=\"5639\" data-full-url=\"http:\/\/elmetidosve.com\/wp-content\/uploads\/2020\/07\/000000000000000000-14.jpg\" data-link=\"http:\/\/elmetidosve.com\/?attachment_id=5639\" class=\"wp-image-5639\" srcset=\"https:\/\/elmetidosv.com\/wp-content\/uploads\/2020\/07\/000000000000000000-14.jpg 360w, https:\/\/elmetidosv.com\/wp-content\/uploads\/2020\/07\/000000000000000000-14-300x300.jpg 300w, https:\/\/elmetidosv.com\/wp-content\/uploads\/2020\/07\/000000000000000000-14-150x150.jpg 150w\" sizes=\"auto, (max-width: 360px) 100vw, 360px\" \/><\/figure><\/li><li class=\"blocks-gallery-item\"><figure><img loading=\"lazy\" decoding=\"async\" width=\"360\" height=\"282\" src=\"http:\/\/elmetidosve.com\/wp-content\/uploads\/2020\/07\/000000000000000-9.jpg\" alt=\"\" data-id=\"5640\" data-full-url=\"http:\/\/elmetidosve.com\/wp-content\/uploads\/2020\/07\/000000000000000-9.jpg\" data-link=\"http:\/\/elmetidosve.com\/?attachment_id=5640\" class=\"wp-image-5640\" srcset=\"https:\/\/elmetidosv.com\/wp-content\/uploads\/2020\/07\/000000000000000-9.jpg 360w, https:\/\/elmetidosv.com\/wp-content\/uploads\/2020\/07\/000000000000000-9-300x235.jpg 300w\" sizes=\"auto, (max-width: 360px) 100vw, 360px\" \/><\/figure><\/li><\/ul><\/figure>\n\n\n\n<p>Este d\u00eda arrib\u00f3 en el Aeropuerto Internacional de El Salvador, San Oscar Arnulfo romero, un vuelo procedente de Costa Rica, que trajo a varios salvadore\u00f1os que se encontraban varados en el vecino pa\u00eds, tras el cierre de las terminales a\u00e9reas debido a la pandemia de coronavirus.<\/p>\n\n\n\n<p>Se trata de dos aeronaves LET 410 de la aerol\u00ednea Skyway, que trasladaron a los connacionales procedentes, gracias al Plan de Repatriaci\u00f3n ejecutado por el Gobierno, a trav\u00e9s del Ministerio de Relaciones Exteriores.<\/p>\n\n\n\n<p>Cabe resaltar que todas estas personas que ingresan al pa\u00eds, pasan por un proceso de protocolo migratorio y de salud para descartar cualquier s\u00edntoma relacionado al COVID-19.<\/p>\n\n\n\n<p><\/p>\n","protected":false},"excerpt":{"rendered":"<p>Este d\u00eda arrib\u00f3 en el Aeropuerto Internacional de El Salvador, San Oscar Arnulfo romero, un vuelo procedente de Costa Rica,<\/p>\n","protected":false},"author":1,"featured_media":5637,"comment_status":"open","ping_status":"open","sticky":false,"template":"","format":"standard","meta":{"colormag_page_container_layout":"default_layout","colormag_page_sidebar_layout":"default_layout","footnotes":""},"categories":[1],"tags":[],"class_list":["post-5636","post","type-post","status-publish","format-standard","has-post-thumbnail","hentry","category-nacional"],"_links":{"self":[{"href":"https:\/\/elmetidosv.com\/index.php?rest_route=\/wp\/v2\/posts\/5636","targetHints":{"allow":["GET"]}}],"collection":[{"href":"https:\/\/elmetidosv.com\/index.php?rest_route=\/wp\/v2\/posts"}],"about":[{"href":"https:\/\/elmetidosv.com\/index.php?rest_route=\/wp\/v2\/types\/post"}],"author":[{"embeddable":true,"href":"https:\/\/elmetidosv.com\/index.php?rest_route=\/wp\/v2\/users\/1"}],"replies":[{"embeddable":true,"href":"https:\/\/elmetidosv.com\/index.php?rest_route=%2Fwp%2Fv2%2Fcomments&post=5636"}],"version-history":[{"count":1,"href":"https:\/\/elmetidosv.com\/index.php?rest_route=\/wp\/v2\/posts\/5636\/revisions"}],"predecessor-version":[{"id":5641,"href":"https:\/\/elmetidosv.com\/index.php?rest_route=\/wp\/v2\/posts\/5636\/revisions\/5641"}],"wp:featuredmedia":[{"embeddable":true,"href":"https:\/\/elmetidosv.com\/index.php?rest_route=\/wp\/v2\/media\/5637"}],"wp:attachment":[{"href":"https:\/\/elmetidosv.com\/index.php?rest_route=%2Fwp%2Fv2%2Fmedia&parent=5636"}],"wp:term":[{"taxonomy":"category","embeddable":true,"href":"https:\/\/elmetidosv.com\/index.php?rest_route=%2Fwp%2Fv2%2Fcategories&post=5636"},{"taxonomy":"post_tag","embeddable":true,"href":"https:\/\/elmetidosv.com\/index.php?rest_route=%2Fwp%2Fv2%2Ftags&post=5636"}],"curies":[{"name":"wp","href":"https:\/\/api.w.org\/{rel}","templated":true}]}}