{"id":5548,"date":"2020-07-02T12:48:07","date_gmt":"2020-07-02T18:48:07","guid":{"rendered":"http:\/\/elmetidosve.com\/?p=5548"},"modified":"2020-07-02T12:48:13","modified_gmt":"2020-07-02T18:48:13","slug":"ministerio-de-salud-continua-abasteciendo-insumos-y-articulos-de-proteccion-para-el-personal-de-primera-linea","status":"publish","type":"post","link":"https:\/\/elmetidosv.com\/?p=5548","title":{"rendered":"Ministerio de Salud contin\u00faa abasteciendo insumos y art\u00edculos de protecci\u00f3n para el personal de primera l\u00ednea"},"content":{"rendered":"\n<figure class=\"wp-block-gallery columns-3 is-cropped wp-block-gallery-1 is-layout-flex wp-block-gallery-is-layout-flex\"><ul class=\"blocks-gallery-grid\"><li class=\"blocks-gallery-item\"><figure><img loading=\"lazy\" decoding=\"async\" width=\"680\" height=\"453\" src=\"http:\/\/elmetidosve.com\/wp-content\/uploads\/2020\/07\/0000000000000000000000000000000000-8.jpg\" alt=\"\" data-id=\"5549\" data-full-url=\"http:\/\/elmetidosve.com\/wp-content\/uploads\/2020\/07\/0000000000000000000000000000000000-8.jpg\" data-link=\"http:\/\/elmetidosve.com\/?attachment_id=5549\" class=\"wp-image-5549\" srcset=\"https:\/\/elmetidosv.com\/wp-content\/uploads\/2020\/07\/0000000000000000000000000000000000-8.jpg 680w, https:\/\/elmetidosv.com\/wp-content\/uploads\/2020\/07\/0000000000000000000000000000000000-8-300x200.jpg 300w\" sizes=\"auto, (max-width: 680px) 100vw, 680px\" \/><\/figure><\/li><li class=\"blocks-gallery-item\"><figure><img loading=\"lazy\" decoding=\"async\" width=\"1024\" height=\"682\" src=\"http:\/\/elmetidosve.com\/wp-content\/uploads\/2020\/07\/000000000000000000-8-1024x682.jpg\" alt=\"\" data-id=\"5550\" data-full-url=\"http:\/\/elmetidosve.com\/wp-content\/uploads\/2020\/07\/000000000000000000-8.jpg\" data-link=\"http:\/\/elmetidosve.com\/?attachment_id=5550\" class=\"wp-image-5550\" srcset=\"https:\/\/elmetidosv.com\/wp-content\/uploads\/2020\/07\/000000000000000000-8-1024x682.jpg 1024w, https:\/\/elmetidosv.com\/wp-content\/uploads\/2020\/07\/000000000000000000-8-300x200.jpg 300w, https:\/\/elmetidosv.com\/wp-content\/uploads\/2020\/07\/000000000000000000-8-768x512.jpg 768w, https:\/\/elmetidosv.com\/wp-content\/uploads\/2020\/07\/000000000000000000-8.jpg 1280w\" sizes=\"auto, (max-width: 1024px) 100vw, 1024px\" \/><\/figure><\/li><li class=\"blocks-gallery-item\"><figure><img loading=\"lazy\" decoding=\"async\" width=\"1024\" height=\"682\" src=\"http:\/\/elmetidosve.com\/wp-content\/uploads\/2020\/07\/000000000000000-6-1024x682.jpg\" alt=\"\" data-id=\"5551\" data-full-url=\"http:\/\/elmetidosve.com\/wp-content\/uploads\/2020\/07\/000000000000000-6.jpg\" data-link=\"http:\/\/elmetidosve.com\/?attachment_id=5551\" class=\"wp-image-5551\" srcset=\"https:\/\/elmetidosv.com\/wp-content\/uploads\/2020\/07\/000000000000000-6-1024x682.jpg 1024w, https:\/\/elmetidosv.com\/wp-content\/uploads\/2020\/07\/000000000000000-6-300x200.jpg 300w, https:\/\/elmetidosv.com\/wp-content\/uploads\/2020\/07\/000000000000000-6-768x512.jpg 768w, https:\/\/elmetidosv.com\/wp-content\/uploads\/2020\/07\/000000000000000-6.jpg 1280w\" sizes=\"auto, (max-width: 1024px) 100vw, 1024px\" \/><\/figure><\/li><li class=\"blocks-gallery-item\"><figure><img loading=\"lazy\" decoding=\"async\" width=\"1024\" height=\"682\" src=\"http:\/\/elmetidosve.com\/wp-content\/uploads\/2020\/07\/0000-3-1024x682.jpg\" alt=\"\" data-id=\"5552\" data-full-url=\"http:\/\/elmetidosve.com\/wp-content\/uploads\/2020\/07\/0000-3.jpg\" data-link=\"http:\/\/elmetidosve.com\/?attachment_id=5552\" class=\"wp-image-5552\" srcset=\"https:\/\/elmetidosv.com\/wp-content\/uploads\/2020\/07\/0000-3-1024x682.jpg 1024w, https:\/\/elmetidosv.com\/wp-content\/uploads\/2020\/07\/0000-3-300x200.jpg 300w, https:\/\/elmetidosv.com\/wp-content\/uploads\/2020\/07\/0000-3-768x512.jpg 768w, https:\/\/elmetidosv.com\/wp-content\/uploads\/2020\/07\/0000-3.jpg 1280w\" sizes=\"auto, (max-width: 1024px) 100vw, 1024px\" \/><\/figure><\/li><\/ul><\/figure>\n\n\n\n<p>Con el objetivo de Garantizar la salud y protecci\u00f3n del personal que trabaja en primera l\u00ednea contra el coronavirus, el Ministro de Salud, Francisco Alabi verific\u00f3 el despacho de m\u00e1s insumos de protecci\u00f3n en toda la red hospitalaria, desde el almac\u00e9n central de dicha Secretar\u00eda de Estado.<\/p>\n\n\n\n<p>\u201c\u201dEsta noche, seguimos distribuyendo ropa de uso hospitalario, equipo de protecci\u00f3n, medicamentos para el manejo de los pacientes y art\u00edculos de desinfecci\u00f3n, a toda nuestra red p\u00fablica\u201d, detall\u00f3 el Ministro Alabi.<\/p>\n\n\n\n<p>Asimismo, el titular de salud asegur\u00f3 que se  un env\u00edo constante de todo lo necesario para el combate de esta pandemia y que la prioridad del Presidente de la Rep\u00fablica, Nayib Bukele, es salvar vidas y para ello, se equipa el personal de salud\u201d.<\/p>\n\n\n\n<p>\u201cSabemos que este virus genera complicaciones; por eso debemos detener la cadena de contagio. Es importante establecer una cuarentena para aplanar la curva de los casos\u201d, agreg\u00f3 Alabi.<\/p>\n\n\n\n<p>Adem\u00e1s, el funcionario explic\u00f3 que la tendencia de la enfermedad ha llevado al Sistema de Salud a una situaci\u00f3n compleja. \u201cDebemos estar unidos para poder hacerle frente y evitar m\u00e1s v\u00edctimas\u201d.<\/p>\n","protected":false},"excerpt":{"rendered":"<p>Con el objetivo de Garantizar la salud y protecci\u00f3n del personal que trabaja en primera l\u00ednea contra el coronavirus, el<\/p>\n","protected":false},"author":1,"featured_media":5553,"comment_status":"open","ping_status":"open","sticky":false,"template":"","format":"standard","meta":{"colormag_page_container_layout":"default_layout","colormag_page_sidebar_layout":"default_layout","footnotes":""},"categories":[1],"tags":[],"class_list":["post-5548","post","type-post","status-publish","format-standard","has-post-thumbnail","hentry","category-nacional"],"_links":{"self":[{"href":"https:\/\/elmetidosv.com\/index.php?rest_route=\/wp\/v2\/posts\/5548","targetHints":{"allow":["GET"]}}],"collection":[{"href":"https:\/\/elmetidosv.com\/index.php?rest_route=\/wp\/v2\/posts"}],"about":[{"href":"https:\/\/elmetidosv.com\/index.php?rest_route=\/wp\/v2\/types\/post"}],"author":[{"embeddable":true,"href":"https:\/\/elmetidosv.com\/index.php?rest_route=\/wp\/v2\/users\/1"}],"replies":[{"embeddable":true,"href":"https:\/\/elmetidosv.com\/index.php?rest_route=%2Fwp%2Fv2%2Fcomments&post=5548"}],"version-history":[{"count":1,"href":"https:\/\/elmetidosv.com\/index.php?rest_route=\/wp\/v2\/posts\/5548\/revisions"}],"predecessor-version":[{"id":5554,"href":"https:\/\/elmetidosv.com\/index.php?rest_route=\/wp\/v2\/posts\/5548\/revisions\/5554"}],"wp:featuredmedia":[{"embeddable":true,"href":"https:\/\/elmetidosv.com\/index.php?rest_route=\/wp\/v2\/media\/5553"}],"wp:attachment":[{"href":"https:\/\/elmetidosv.com\/index.php?rest_route=%2Fwp%2Fv2%2Fmedia&parent=5548"}],"wp:term":[{"taxonomy":"category","embeddable":true,"href":"https:\/\/elmetidosv.com\/index.php?rest_route=%2Fwp%2Fv2%2Fcategories&post=5548"},{"taxonomy":"post_tag","embeddable":true,"href":"https:\/\/elmetidosv.com\/index.php?rest_route=%2Fwp%2Fv2%2Ftags&post=5548"}],"curies":[{"name":"wp","href":"https:\/\/api.w.org\/{rel}","templated":true}]}}