{"id":5471,"date":"2020-06-30T20:37:37","date_gmt":"2020-07-01T02:37:37","guid":{"rendered":"http:\/\/elmetidosve.com\/?p=5471"},"modified":"2020-06-30T20:37:44","modified_gmt":"2020-07-01T02:37:44","slug":"decretan-prision-contra-ex-alcaldesa-de-san-sebastian-salitrillo-y-ex-tesorero-de-la-misma-comuna","status":"publish","type":"post","link":"https:\/\/elmetidosv.com\/?p=5471","title":{"rendered":"Decretan prisi\u00f3n contra ex Alcaldesa de San Sebasti\u00e1n Salitrillo y ex Tesorero de la misma comuna."},"content":{"rendered":"\n<figure class=\"wp-block-image alignwide size-large\"><img loading=\"lazy\" decoding=\"async\" width=\"960\" height=\"720\" src=\"http:\/\/elmetidosve.com\/wp-content\/uploads\/2020\/06\/00-14.jpg\" alt=\"\" class=\"wp-image-5472\" srcset=\"https:\/\/elmetidosv.com\/wp-content\/uploads\/2020\/06\/00-14.jpg 960w, https:\/\/elmetidosv.com\/wp-content\/uploads\/2020\/06\/00-14-300x225.jpg 300w, https:\/\/elmetidosv.com\/wp-content\/uploads\/2020\/06\/00-14-768x576.jpg 768w\" sizes=\"auto, (max-width: 960px) 100vw, 960px\" \/><\/figure>\n\n\n\n<p> Santa Ana .<\/p>\n\n\n\n<p>La Fiscal\u00eda General de la Rep\u00fablica informa, que la ex Alcaldesa de San Sebasti\u00e1n Salitrillo Ana Mercedes Aguilar de Ochoa y el ex Tesorero de la misma comuna, Joaquin Ernesto Alvarez Mendoza, fueron condenados a   a 4 a\u00f1os de prisi\u00f3n por el Delito de Apropiaci\u00f3n o Retenci\u00f3n de Cuotas Laborales en perjuicio de 49 v\u00edctimas.   <\/p>\n","protected":false},"excerpt":{"rendered":"<p>Santa Ana . La Fiscal\u00eda General de la Rep\u00fablica informa, que la ex Alcaldesa de San Sebasti\u00e1n Salitrillo Ana Mercedes<\/p>\n","protected":false},"author":1,"featured_media":5473,"comment_status":"open","ping_status":"open","sticky":false,"template":"","format":"standard","meta":{"colormag_page_container_layout":"default_layout","colormag_page_sidebar_layout":"default_layout","footnotes":""},"categories":[1],"tags":[],"class_list":["post-5471","post","type-post","status-publish","format-standard","has-post-thumbnail","hentry","category-nacional"],"_links":{"self":[{"href":"https:\/\/elmetidosv.com\/index.php?rest_route=\/wp\/v2\/posts\/5471","targetHints":{"allow":["GET"]}}],"collection":[{"href":"https:\/\/elmetidosv.com\/index.php?rest_route=\/wp\/v2\/posts"}],"about":[{"href":"https:\/\/elmetidosv.com\/index.php?rest_route=\/wp\/v2\/types\/post"}],"author":[{"embeddable":true,"href":"https:\/\/elmetidosv.com\/index.php?rest_route=\/wp\/v2\/users\/1"}],"replies":[{"embeddable":true,"href":"https:\/\/elmetidosv.com\/index.php?rest_route=%2Fwp%2Fv2%2Fcomments&post=5471"}],"version-history":[{"count":1,"href":"https:\/\/elmetidosv.com\/index.php?rest_route=\/wp\/v2\/posts\/5471\/revisions"}],"predecessor-version":[{"id":5474,"href":"https:\/\/elmetidosv.com\/index.php?rest_route=\/wp\/v2\/posts\/5471\/revisions\/5474"}],"wp:featuredmedia":[{"embeddable":true,"href":"https:\/\/elmetidosv.com\/index.php?rest_route=\/wp\/v2\/media\/5473"}],"wp:attachment":[{"href":"https:\/\/elmetidosv.com\/index.php?rest_route=%2Fwp%2Fv2%2Fmedia&parent=5471"}],"wp:term":[{"taxonomy":"category","embeddable":true,"href":"https:\/\/elmetidosv.com\/index.php?rest_route=%2Fwp%2Fv2%2Fcategories&post=5471"},{"taxonomy":"post_tag","embeddable":true,"href":"https:\/\/elmetidosv.com\/index.php?rest_route=%2Fwp%2Fv2%2Ftags&post=5471"}],"curies":[{"name":"wp","href":"https:\/\/api.w.org\/{rel}","templated":true}]}}