{"id":5403,"date":"2020-06-30T12:52:09","date_gmt":"2020-06-30T18:52:09","guid":{"rendered":"http:\/\/elmetidosve.com\/?p=5403"},"modified":"2020-06-30T12:52:16","modified_gmt":"2020-06-30T18:52:16","slug":"en-ultimas-24-horas-el-salvador-registro-10-fallecidos-por-covid-19","status":"publish","type":"post","link":"https:\/\/elmetidosv.com\/?p=5403","title":{"rendered":"En \u00faltimas 24 horas El Salvador registro 10 fallecidos por COVID-19"},"content":{"rendered":"\n<p>El Salvador registr\u00f3 10 nuevos pacientes fallecidos a causa del coronavirus COVID-19 en las \u00faltimas horas, inform\u00f3 el Ministerio de Salud.<\/p>\n\n\n\n<p>De acuerdo con esa cartera de Estado, las v\u00edctimas son seis hombres y cuatro mujeres de diferentes grupos etarios.<\/p>\n\n\n\n<p>Salud indic\u00f3 que se trata de:<\/p>\n\n\n\n<p>-Tres masculinos, grupo etario 30 a 40 a\u00f1os.<\/p>\n\n\n\n<p>-Dos masculinos, grupo etario de 50 a 60 a\u00f1os.<\/p>\n\n\n\n<p>-Masculino, mayor de 60 a\u00f1os.<\/p>\n\n\n\n<p>-Tres femeninas, grupo etario de 30 a 40 a\u00f1os.<\/p>\n\n\n\n<p>-Femenina, grupo etario de 50 a 60 a\u00f1os.<\/p>\n\n\n\n<p>Con estos nuevos datos, seg\u00fan el sitio covid19.gob.sv, el cual est\u00e1 actualizado hasta las 2:26 a.m., El Salvador registra 174 fallecidos por COVID-19. Adem\u00e1s contabiliza seis mil 438 casos positivos de coronavirus.<\/p>\n","protected":false},"excerpt":{"rendered":"<p>El Salvador registr\u00f3 10 nuevos pacientes fallecidos a causa del coronavirus COVID-19 en las \u00faltimas horas, inform\u00f3 el Ministerio de<\/p>\n","protected":false},"author":1,"featured_media":5404,"comment_status":"open","ping_status":"open","sticky":false,"template":"","format":"standard","meta":{"colormag_page_container_layout":"default_layout","colormag_page_sidebar_layout":"default_layout","footnotes":""},"categories":[1],"tags":[],"class_list":["post-5403","post","type-post","status-publish","format-standard","has-post-thumbnail","hentry","category-nacional"],"_links":{"self":[{"href":"https:\/\/elmetidosv.com\/index.php?rest_route=\/wp\/v2\/posts\/5403","targetHints":{"allow":["GET"]}}],"collection":[{"href":"https:\/\/elmetidosv.com\/index.php?rest_route=\/wp\/v2\/posts"}],"about":[{"href":"https:\/\/elmetidosv.com\/index.php?rest_route=\/wp\/v2\/types\/post"}],"author":[{"embeddable":true,"href":"https:\/\/elmetidosv.com\/index.php?rest_route=\/wp\/v2\/users\/1"}],"replies":[{"embeddable":true,"href":"https:\/\/elmetidosv.com\/index.php?rest_route=%2Fwp%2Fv2%2Fcomments&post=5403"}],"version-history":[{"count":1,"href":"https:\/\/elmetidosv.com\/index.php?rest_route=\/wp\/v2\/posts\/5403\/revisions"}],"predecessor-version":[{"id":5405,"href":"https:\/\/elmetidosv.com\/index.php?rest_route=\/wp\/v2\/posts\/5403\/revisions\/5405"}],"wp:featuredmedia":[{"embeddable":true,"href":"https:\/\/elmetidosv.com\/index.php?rest_route=\/wp\/v2\/media\/5404"}],"wp:attachment":[{"href":"https:\/\/elmetidosv.com\/index.php?rest_route=%2Fwp%2Fv2%2Fmedia&parent=5403"}],"wp:term":[{"taxonomy":"category","embeddable":true,"href":"https:\/\/elmetidosv.com\/index.php?rest_route=%2Fwp%2Fv2%2Fcategories&post=5403"},{"taxonomy":"post_tag","embeddable":true,"href":"https:\/\/elmetidosv.com\/index.php?rest_route=%2Fwp%2Fv2%2Ftags&post=5403"}],"curies":[{"name":"wp","href":"https:\/\/api.w.org\/{rel}","templated":true}]}}